{"id":6391,"date":"2015-08-24T16:17:37","date_gmt":"2015-08-24T21:17:37","guid":{"rendered":"https:\/\/emisora.univalle.edu.co\/\/?p=6391"},"modified":"2015-08-24T16:17:37","modified_gmt":"2015-08-24T21:17:37","slug":"programese-con-la-fiesta-de-las-palabras","status":"publish","type":"post","link":"https:\/\/emisora.univalle.edu.co\/index.php\/programese-con-la-fiesta-de-las-palabras\/","title":{"rendered":"Progr\u00e1mese con la Fiesta de las palabras"},"content":{"rendered":"<p><span style=\"line-height: 1.5em;\">Cali se apresta para vivir belleza hecha la palabra, los versos y prosas encadenados acompa\u00f1ados del ritmo de los declamadores se tomaran la ciudad del 24 al 28 de agosto de 2015.<\/span><\/p>\n<p>El XV Festival Internacional de Poes\u00eda de Cali, convoca a compositores liricos de cinco pa\u00edses, Ecuador, Espa\u00f1a, Holanda, Venezuela y Colombia, qui\u00e9nes har\u00e1n el deleite de los amantes de la poes\u00eda, en 6 recitales centrales y 4 descentralizados, programaci\u00f3n que estar\u00e1 acompa\u00f1ada de talleres en las bibliotecas de la Red y Tertulias literarias de los colectivos de la ciudad.<\/p>\n<p>Los escenarios escogidos para este fin son: el teatro municipal Enrique Buenaventura, el Parque de los Poetas, el parque artesanal Loma de la Cruz, Proartes, el Museo La Tertulia, la biblioteca de La leonera, de Rep\u00fablica de Israel, el centro Cultural de la Comuna 18 y la Central Did\u00e1ctica de Ladera, entre otros espacios. Progr\u00e1mate para escuchar y disfrutar de 20 poetas en escena.<\/p>\n<p><b>Recitales de Poes\u00eda<\/b><\/p>\n<p>Inauguraci\u00f3n 24 Agosto<\/p>\n<p>Gala de Inauguraci\u00f3n, Veredicto del X Concurso de Poes\u00eda In\u00e9dita de Cali 2015, lectura de ganadores.<\/p>\n<p>Presentaci\u00f3n del Libro de Poemas memorias del XIV Festival Internacional de Poes\u00eda de Cali<\/p>\n<p><b>Recitales Centrales<\/b><\/p>\n<p>25 de agosto<\/p>\n<p>Pasado y futuro de la Revista Clave y Homenajes<\/p>\n<p>Teatrino Teatro Municipal<\/p>\n<p>7:00 p.m.<\/p>\n<p>26 de agosto<\/p>\n<p>Recital especial, lectura de poes\u00eda<\/p>\n<p>Parque de los Poetas<\/p>\n<p>4:00 p.m.<\/p>\n<p>Mesa de los J\u00f3venes poetas<\/p>\n<p>Parque de los Poetas<\/p>\n<p>4:00 p.m.<\/p>\n<p>Andr\u00e9s Arango Velasco, Laura Mar\u00eda Lopera Gallego, Luisa Mar\u00eda Rodr\u00edguez Astudillo, Pedro Montes, Sebasti\u00e1n Rico, Wilson Perea, Lucy Manzano.<\/p>\n<p><b>27 de agosto de 2015<\/b><\/p>\n<p><b>Primer Recital Internacional<\/b><\/p>\n<p>Proartes<\/p>\n<p>7:00 p.m.<\/p>\n<p>Betsimar Sep\u00falveda \u2013 Venezuela<\/p>\n<p>Luc De Rooy \u2013Holanda<\/p>\n<p>\u00d3scar Torres \u2013 Bogot\u00e1<\/p>\n<p>Gloria Mar\u00eda Bustamante \u2013 Medell\u00edn<\/p>\n<p>John Junieles \u2013 Sinc\u00e9, Sucre.<\/p>\n<p>Adalgiza Charria \u2013 Cali<\/p>\n<p>Marco Antonio Valencia \u2013 Popay\u00e1n.<\/p>\n<p>Jefferson Perea \u2013 Buenaventura.<\/p>\n<p>28 de agosto de 2015<\/p>\n<p><b>Segundo recital Internacional<\/b><\/p>\n<p>Teatrino Museo La Tertulia<\/p>\n<p>Edwin Madrid \u2013 Ecuador<\/p>\n<p>Alfonso Rubio H. \u2013 Espa\u00f1a<\/p>\n<p>Robinson Quintero \u2013 Bogot\u00e1<\/p>\n<p>Gloria Mar\u00eda Bustamante \u2013 Medell\u00edn<\/p>\n<p>John Junieles \u2013 Sinc\u00e9, Sucre<\/p>\n<p>Jos\u00e9 Zuleta \u2013 Cali<\/p>\n<p>Carlos fajardo \u2013 Cali<\/p>\n<p>Gloria cepeda \u2013 Cali<\/p>\n<p>Recitales Descentralizados<\/p>\n<p><b>27 de agosto de 2015<\/b><\/p>\n<p>Biblioteca Centro Cultural La Leonera<\/p>\n<p>10:00 a.m.<\/p>\n<p>Edwin Madrid \u2013 Ecuador<\/p>\n<p>Luc De Rooy \u2013 Holanda<\/p>\n<p>\u00d3scar Torres \u2013 Bogot\u00e1<\/p>\n<p>Jefferson Perea \u2013 Buenaventura<\/p>\n<p>Andr\u00e9s Arango Velasco \u2013 Mesa de J\u00f3venes Poetas<\/p>\n<p>Lucy Manzano \u2013 Mesa de J\u00f3venes Poetas<\/p>\n<p>Biblioteca P\u00fablica Municipal Francisco j. Ruiz<\/p>\n<p>3:00 p.m.<\/p>\n<p>Alfonso Rubio H. \u2013 Espa\u00f1a<\/p>\n<p>Robinson Quintero \u2013 Bogot\u00e1<\/p>\n<p>Jos\u00e9 Zuleta \u2013 Cali<\/p>\n<p>Carlos Fajardo \u2013 Cali<\/p>\n<p>Laura Mar\u00eda Lopera \u2013 Mesa de J\u00f3venes Poetas<\/p>\n<p><b>28 de agosto de 2015<\/b><\/p>\n<p>Biblioteca Centro Cultural Comuna 18<\/p>\n<p>10:00 a.m.<\/p>\n<p>Robinson Quintero \u2013 Bogot\u00e1<\/p>\n<p>Adalgiza Charria \u2013 Cali<\/p>\n<p>Gloria Ma Bustamante \u2013 Medell\u00edn<\/p>\n<p>Gloria Cepeda \u2013 Cali<\/p>\n<p>Luisa Mar\u00eda Rodr\u00edguez \u2013 Mesa de J\u00f3venes Poetas<\/p>\n<p>Wilson Perea\u00a0 &#8211; Mesa de J\u00f3venes Poetas<\/p>\n<p>Tertulias Literarias de Cali<\/p>\n<p>&#8211;\u00a0\u00a0\u00a0\u00a0\u00a0\u00a0 Alas de Vida<\/p>\n<p>Instituci\u00f3n Educativa Luis Carlos Pe\u00f1a Barrio San Bosco<\/p>\n<p>Agosto 5, 12, 19 septiembre 5<\/p>\n<p>10:00 a.m. a 12:00 m<\/p>\n<p>&#8211;\u00a0\u00a0\u00a0\u00a0\u00a0\u00a0 Casa Cultural El Chontaduro<\/p>\n<p>Barrio Marroqu\u00edn III<\/p>\n<p><b>Agosto 7, 14 septiembre 21<\/b><\/p>\n<p>3:00 p.m. a 6:00 p.m.<\/p>\n<p>&#8211;\u00a0\u00a0\u00a0\u00a0\u00a0\u00a0\u00a0 Casa de Poes\u00eda Aurelio Arturo<\/p>\n<p><b>Agosto 25<\/b><\/p>\n<p>Instituci\u00f3n Educativa Villa del Sur<\/p>\n<p>9:00 a.m. a 11:00 a.m.<\/p>\n<p>Casa de Poes\u00eda Jorge Isaacs<\/p>\n<p>Sal\u00f3n Jorge Isaacs Biblioteca Departamental<\/p>\n<p><b>Agosto 31<\/b><\/p>\n<p>Salsa y poes\u00eda de grandes autores vallecaucanos<\/p>\n<p>7:30 p.m.<\/p>\n<p>El Palabreo<\/p>\n<p>Auditorio Jorge Isaacs Cali Biblioteca Departamental<\/p>\n<p><b>Septiembre 17<\/b><\/p>\n<p>6:30 p.m.<\/p>\n<p>Fundaci\u00f3n de Poetas Vallecaucanos<\/p>\n<p>Auditorio Comfandi 3er piso<\/p>\n<p><b>Agosto 27<\/b><\/p>\n<p>Biblioteca Nuevo Latir<\/p>\n<p>9:00 a.m. a 12:00 m<\/p>\n<p><b>Agosto 29<\/b><\/p>\n<p>Biblioteca Departamental<\/p>\n<p>6:00 a 8:00 p.m.<\/p>\n<p>Jueves de Centenario<\/p>\n<p>Agosto 27<\/p>\n<p><b>Talleres de Poes\u00eda<\/b><\/p>\n<p>Caf\u00e9 Literario<\/p>\n<p><b>Septiembre 3, 10, 17 y 24<\/b><\/p>\n<p>Talleres de Poes\u00eda<\/p>\n<p><b>Septiembre 17<\/b><\/p>\n<p>Caf\u00e9 Literario<\/p>\n<p>La Momia Guisada<\/p>\n<p><b>Septiembre 29<\/b><\/p>\n<p>Turno 1<\/p>\n<p>Biblioteca departamental zona verde<\/p>\n<p>4:00 p.m.<\/p>\n<p>Turno 2<\/p>\n<p>Caf\u00e9 valparaiso<\/p>\n<p>7:00 p.m.<\/p>\n<p>Laboratorio Poiesis<\/p>\n<p>Talleres de Poes\u00eda en la Red de Biblioteca P\u00fablicas de Cali<\/p>\n<p>Biblioteca P\u00fablica Buitrera<\/p>\n<p>Cabecera Plan<\/p>\n<p>Septiembre 1, 8 y 15<\/p>\n<p>7:00 a.m. a 9:00 a.m.<\/p>\n<p>Poblaci\u00f3n J\u00f3venes.<\/p>\n<p>Poblaci\u00f3n Ni\u00f1os<\/p>\n<p>Septiembre 3 y 10<\/p>\n<p>3:00 a 5:00 p.m.<\/p>\n<p>Poblaci\u00f3n Ni\u00f1os<\/p>\n<p>Biblioteca P\u00fablica Del Centenario Barrio El pe\u00f3n.<\/p>\n<p>Agosto 27, septiembre 3 y 10<\/p>\n<p>3:00 p.m. a 5:00 p.m.<\/p>\n<p>Poblaci\u00f3n Ni\u00f1os.<\/p>\n<p>Central Did\u00e1ctica Ladera Barrio Napoles<\/p>\n<p>Agosto 27, \u00a0septiembre 3<\/p>\n<p>9:00 a.m. a 12:00 m<\/p>\n<p>Poblaci\u00f3n Ni\u00f1os y J\u00f3venes<\/p>\n<p>Centro Cultural de Cali Biblioteca Infantil<\/p>\n<p>Agosto 27, septiembre 3<\/p>\n<p>9:00 a.m. a 12:00 m.<\/p>\n<p>Poblaci\u00f3n Ni\u00f1os y J\u00f3venes<\/p>\n<p>Biblioteca P\u00fablica Decepaz<\/p>\n<p>Agosto 25 y 26<\/p>\n<p>3:00 p.m. a 5:00 p.m.<\/p>\n<p>Poblaci\u00f3n J\u00f3venes y Adulto mayor<\/p>\n<p>Biblioteca P\u00fablica El Dorado<\/p>\n<p>Agosto 24, 28 y 31 septiembre 4<\/p>\n<p>2:00 p.m. a 4:00 p.m.<\/p>\n<p>Biblioteca del Deporte y la Recreaci\u00f3n lado oriental del Estadio<\/p>\n<p>Agosto 28, septiembre 4, 11 y 18<\/p>\n<p>2:00 p.m. a 4:00 p.m.<\/p>\n<p>Poblaci\u00f3n Adultos Mayores<\/p>\n<p>Biblioteca P\u00fablica El Jard\u00edn<\/p>\n<p>Agosto 26<\/p>\n<p>1:300 p.m. a 3:30 p.m.<\/p>\n<p>Poblaci\u00f3n Estudiantes grado 4<\/p>\n<p>Biblioteca P\u00fablica El Saladito<\/p>\n<p>Agosto 27, septiembre 3<\/p>\n<p>3:00 p.m. a 5:00 p.m.<\/p>\n<p>Poblaci\u00f3n J\u00f3venes<\/p>\n<p>Biblioteca P\u00fablica Isa\u00edas Gamboa Barrio Berl\u00edn<\/p>\n<p>Septiembre 4, 11 y 18<\/p>\n<p>9:00 a.m. a 11:00 a.m.<\/p>\n<p>Poblaci\u00f3n J\u00f3venes<\/p>\n<p>Biblioteca P\u00fablica Luis Carlos Gal\u00e1n Kilometro 18 Junto a la Instituci\u00f3n<\/p>\n<p>Poblaci\u00f3n Ni\u00f1os de 4 y 5 grado<\/p>\n<p>Biblioteca P\u00fablica La Elvira<\/p>\n<p>Septiembre 11<\/p>\n<p>8:30 a.m. a 12:30 p.m.<\/p>\n<p>Poblaci\u00f3n ni\u00f1os de 4 y 5 grado<\/p>\n<p>Biblioteca P\u00fablica Alto Aguacatal<\/p>\n<p>Septiembre 4<\/p>\n<p>8:30 a.m. a 12:30 p.m.<\/p>\n<p>Poblaci\u00f3n ni\u00f1os de 4 y 5 grado<\/p>\n<p>La Mar\u00eda Barrio San Antonio<\/p>\n<p>Agosto 28, septiembre 4 y 11<\/p>\n<p>2:00 p.m. a 4:00 p.m.<\/p>\n<p>Poblaci\u00f3n Ni\u00f1os y ni\u00f1as<\/p>\n<p>Montebello<\/p>\n<p>Agosto 26 septiembre 11<\/p>\n<p>3:00 p.m. a 5:00 p.m.<\/p>\n<p>Poblaci\u00f3n ni\u00f1os de 3 y 4 grado<\/p>\n<p>Sala Borges Centro Cultural de Cali<\/p>\n<p>Septiembre 9 y 16<\/p>\n<p>2:00 p.m. a 4:00 p.m.<\/p>\n<p>Poblaci\u00f3n Adultos con discapacidad<\/p>\n<p>Central Did\u00e1ctica del Vallado<\/p>\n<p>Agosto 27, septiembre 3, 10 y 17<\/p>\n<p>3:00 p.m. a 5:00 p.m.<\/p>\n<p>Poblaci\u00f3n ni\u00f1os<\/p>\n<p>Mayores Informes<\/p>\n<p>Red de Bibliotecas P\u00fablicas de Cali, Secretar\u00eda de Cultura y Turismo 885 8855 ext 118<\/p>\n","protected":false},"excerpt":{"rendered":"<p>Cali se apresta para vivir belleza hecha la palabra, los versos y prosas encadenados acompa\u00f1ados del ritmo de los declamadores se tomaran la ciudad del 24 al 28 de agosto de 2015. El XV Festival Internacional de Poes\u00eda de Cali, convoca a compositores liricos de cinco pa\u00edses, Ecuador, Espa\u00f1a, Holanda,[&#8230;]<\/p>\n","protected":false},"author":1,"featured_media":6378,"comment_status":"open","ping_status":"open","sticky":false,"template":"","format":"standard","meta":{"footnotes":""},"categories":[4],"tags":[],"_links":{"self":[{"href":"https:\/\/emisora.univalle.edu.co\/index.php\/wp-json\/wp\/v2\/posts\/6391"}],"collection":[{"href":"https:\/\/emisora.univalle.edu.co\/index.php\/wp-json\/wp\/v2\/posts"}],"about":[{"href":"https:\/\/emisora.univalle.edu.co\/index.php\/wp-json\/wp\/v2\/types\/post"}],"author":[{"embeddable":true,"href":"https:\/\/emisora.univalle.edu.co\/index.php\/wp-json\/wp\/v2\/users\/1"}],"replies":[{"embeddable":true,"href":"https:\/\/emisora.univalle.edu.co\/index.php\/wp-json\/wp\/v2\/comments?post=6391"}],"version-history":[{"count":1,"href":"https:\/\/emisora.univalle.edu.co\/index.php\/wp-json\/wp\/v2\/posts\/6391\/revisions"}],"predecessor-version":[{"id":6392,"href":"https:\/\/emisora.univalle.edu.co\/index.php\/wp-json\/wp\/v2\/posts\/6391\/revisions\/6392"}],"wp:featuredmedia":[{"embeddable":true,"href":"https:\/\/emisora.univalle.edu.co\/index.php\/wp-json\/wp\/v2\/media\/6378"}],"wp:attachment":[{"href":"https:\/\/emisora.univalle.edu.co\/index.php\/wp-json\/wp\/v2\/media?parent=6391"}],"wp:term":[{"taxonomy":"category","embeddable":true,"href":"https:\/\/emisora.univalle.edu.co\/index.php\/wp-json\/wp\/v2\/categories?post=6391"},{"taxonomy":"post_tag","embeddable":true,"href":"https:\/\/emisora.univalle.edu.co\/index.php\/wp-json\/wp\/v2\/tags?post=6391"}],"curies":[{"name":"wp","href":"https:\/\/api.w.org\/{rel}","templated":true}]}}