{"id":6415,"date":"2015-08-25T15:33:00","date_gmt":"2015-08-25T20:33:00","guid":{"rendered":"https:\/\/emisora.univalle.edu.co\/\/?p=6415"},"modified":"2015-08-25T15:33:00","modified_gmt":"2015-08-25T20:33:00","slug":"gobernador-ubeimar-delgado-posesiono-al-nuevo-gerente-del-hospital-universitario-del-valle","status":"publish","type":"post","link":"https:\/\/emisora.univalle.edu.co\/index.php\/gobernador-ubeimar-delgado-posesiono-al-nuevo-gerente-del-hospital-universitario-del-valle\/","title":{"rendered":"Gobernador Ubeimar Delgado posesion\u00f3 al nuevo Gerente del Hospital Universitario del Valle"},"content":{"rendered":"<p><span style=\"line-height: 1.5em;\">El Gobernador del Valle del Cauca Ubeimar Delgado Bland\u00f3n posesion\u00f3 como Gerente General del Hospital Universitario del Valle al m\u00e9dico Jairo Corchuelo Ojeda mediante el decreto 1175.<\/span><\/p>\n<p>Para Ubeimar Delgado Bland\u00f3n gobernador del Departamento con esto se comienza a subsanar la crisis que se est\u00e1 presentando en el HUV y afirm\u00f3 que la gobernaci\u00f3n se comprometer\u00e1 a gestionar los recursos necesarios para cumplir los compromisos pactados.<\/p>\n<p>\u201cLe hemos dado cabal cumplimiento a las \u00f3rdenes y resoluciones del se\u00f1or contralor del departamento y se ha nombrado a este profesional de amplia experiencia con doctorado, mag\u00edster que fue gerente del hospital de Yumbo con amplia y vasta experiencia administrativa en el sector de la salud\u201d, asever\u00f3 el mandatario departamental.<\/p>\n<p>Delgado Bland\u00f3n agreg\u00f3 que el rector de la Univalle Iv\u00e1n Ramos ha conformado un equipo de profesionales para apoyar la gesti\u00f3n del Doctor Corchuelo Ojeda al igual que la Secretaria de Salud convoc\u00f3 a un equipo t\u00e9cnico tambi\u00e9n de apoyo.<\/p>\n<p>El nuevo Gerente General (e) del Hospital Departamental Jairo Corchuelo dijo que asumir\u00e1 este reto con todo el compromiso para sacar adelante al hospital mas importante del sur occidente colombiano.<\/p>\n<p><b>Fuente: Comunicaciones Gobernaci\u00f3n<\/b><\/p>\n","protected":false},"excerpt":{"rendered":"<p>El Gobernador del Valle del Cauca Ubeimar Delgado Bland\u00f3n posesion\u00f3 como Gerente General del Hospital Universitario del Valle al m\u00e9dico Jairo Corchuelo Ojeda mediante el decreto 1175. Para Ubeimar Delgado Bland\u00f3n gobernador del Departamento con esto se comienza a subsanar la crisis que se est\u00e1 presentando en el HUV y[&#8230;]<\/p>\n","protected":false},"author":1,"featured_media":6411,"comment_status":"open","ping_status":"open","sticky":false,"template":"","format":"standard","meta":{"footnotes":""},"categories":[4],"tags":[],"_links":{"self":[{"href":"https:\/\/emisora.univalle.edu.co\/index.php\/wp-json\/wp\/v2\/posts\/6415"}],"collection":[{"href":"https:\/\/emisora.univalle.edu.co\/index.php\/wp-json\/wp\/v2\/posts"}],"about":[{"href":"https:\/\/emisora.univalle.edu.co\/index.php\/wp-json\/wp\/v2\/types\/post"}],"author":[{"embeddable":true,"href":"https:\/\/emisora.univalle.edu.co\/index.php\/wp-json\/wp\/v2\/users\/1"}],"replies":[{"embeddable":true,"href":"https:\/\/emisora.univalle.edu.co\/index.php\/wp-json\/wp\/v2\/comments?post=6415"}],"version-history":[{"count":1,"href":"https:\/\/emisora.univalle.edu.co\/index.php\/wp-json\/wp\/v2\/posts\/6415\/revisions"}],"predecessor-version":[{"id":6416,"href":"https:\/\/emisora.univalle.edu.co\/index.php\/wp-json\/wp\/v2\/posts\/6415\/revisions\/6416"}],"wp:featuredmedia":[{"embeddable":true,"href":"https:\/\/emisora.univalle.edu.co\/index.php\/wp-json\/wp\/v2\/media\/6411"}],"wp:attachment":[{"href":"https:\/\/emisora.univalle.edu.co\/index.php\/wp-json\/wp\/v2\/media?parent=6415"}],"wp:term":[{"taxonomy":"category","embeddable":true,"href":"https:\/\/emisora.univalle.edu.co\/index.php\/wp-json\/wp\/v2\/categories?post=6415"},{"taxonomy":"post_tag","embeddable":true,"href":"https:\/\/emisora.univalle.edu.co\/index.php\/wp-json\/wp\/v2\/tags?post=6415"}],"curies":[{"name":"wp","href":"https:\/\/api.w.org\/{rel}","templated":true}]}}