{"id":6423,"date":"2015-08-25T15:37:22","date_gmt":"2015-08-25T20:37:22","guid":{"rendered":"https:\/\/emisora.univalle.edu.co\/\/?p=6423"},"modified":"2015-08-25T15:37:22","modified_gmt":"2015-08-25T20:37:22","slug":"este-jueves-jornada-de-bici-matriculas","status":"publish","type":"post","link":"https:\/\/emisora.univalle.edu.co\/index.php\/este-jueves-jornada-de-bici-matriculas\/","title":{"rendered":"Este jueves, jornada de bici-matr\u00edculas"},"content":{"rendered":"<p><span style=\"line-height: 1.5em;\">Se espera este jueves llegar al r\u00e9cord de m\u00e1s de 1.500 bicicletas matriculadas en la Universidad del Valle, y con ello que sus propietarios tengan mayor seguridad a la hora de dejar sus veloc\u00edpedos en los nuevos estacionamientos de que ha dispuesto para ellas la administraci\u00f3n universitaria.<\/span><\/p>\n<p>La jornada de este jueves se llevar\u00e1 a cabo en los bajos de la Administraci\u00f3n Central del campus de Mel\u00e9ndez. Se har\u00e1 en dos tiempos: en la ma\u00f1ana, de 8:30 a 11:00, y en la tarde de 2 a 5, seg\u00fan Juan David Santamar\u00eda Mesa, estudiante de Ciencias Pol\u00edticas y autor del Plan de Movilidad de la Universidad del Valle.<\/p>\n<p>En la actualidad \u2013seg\u00fan Santamar\u00eda Mesa- hay matriculadas unas 1.250 bicicletas.<\/p>\n<p>\u201cPara este jueves disponemos de 500 calcoman\u00edas, e igual n\u00famero de bici-carn\u00e9s y porta-carn\u00e9s\u201d, precis\u00f3 el autor del plan de movilidad del centro de estudios, plan que fue conferencia central en el pasado Congreso Internacional de Ciencias Pol\u00edticas, en la Universidad de Guadalajara (M\u00e9xico).<\/p>\n<p>\u201cLa acogida a este proyecto ha sido total por parte de la comunidad universitaria\u201d, precis\u00f3 el estudiante univalluno, aclarando que la carnetizaci\u00f3n y matriculaci\u00f3n de bicicletas tambi\u00e9n se llevar\u00e1 a cabo este semestre en la sede de la universidad en San Fernando.<\/p>\n<p>Dada la acogida que ha tenido la matriculaci\u00f3n de bicicletas, la semana pasada fueron instalados 26 nuevos bicicleteros, llegando a 51. \u201cVarias dependencias nos han pedido m\u00e1s estacionamientos para bicicletas, y por ello se contemplan otros 15 en las pr\u00f3ximas semanas\u201d, precis\u00f3.<\/p>\n<p>\u201cEstamos esperando c\u00f3mo evoluciona la matriculaci\u00f3n para comprar m\u00e1s bicicleteros\u201d, dijo Santamar\u00eda a la Agencia de Noticias de la Universidad del Valle. \u201cEsperamos que a fin de a\u00f1o lleguemos a la cifra r\u00e9cord de 2 mil bicicletas registradas\u201d, concluy\u00f3.<\/p>\n<p>Aunque no hay cifras oficiales, Santamar\u00eda Mesa dijo que la Universidad del Valle se convertir\u00e1, con este n\u00famero de bicicletas matriculadas, no solo en la instituci\u00f3n universitaria con m\u00e1s bicicletas rodando por sus calles en el Valle del Cauca, sino en el pa\u00eds.<\/p>\n<p>La ventaja de tener la bicicleta matriculada \u2013precis\u00f3 el estudiante de Ciencias Pol\u00edticas y Resoluci\u00f3n de Conflictos que lidera esta idea pionera en Colombia- es que, en caso de robo, sea mucho m\u00e1s f\u00e1cil dar con su paradero.<\/p>\n<p>Aclar\u00f3 que la entrega de las calcoman\u00edas que identificar\u00e1n la propiedad del veh\u00edculo, lo mismo que los carn\u00e9s de ciclistas y el porta-carn\u00e9s, no tendr\u00e1n costo alguno para los estudiantes. \u201cEstos costos son asumidos por la universidad\u201d, dijo el estudiante.<\/p>\n<p>Durante la jornada de matriculaci\u00f3n de bicicletas, se exigir\u00e1 a los estudiantes nuevos de la Universidad del Valle traer su bicicleta para la identificaci\u00f3n respectiva y el tabulado, lo mismo que el recibo de pago de la universidad y documento de identidad.<\/p>\n<p>Para los estudiantes antiguos solo se exigir\u00e1 el documento de identidad y el carn\u00e9 estudiantil renovado.<\/p>\n<p>Con la matriculaci\u00f3n de las bicicletas se busca, crear por un lado la cultura de la bicicleta dentro del campus universitario que promueva medios alternativos de movilidad, y por otro generar pol\u00edticas de seguridad.<\/p>\n<p>Solo el a\u00f1o pasado, antes de que se pusiera a rodar el programa de identificaci\u00f3n de las bicicletas, eran hurtadas, a diario, tres veloc\u00edpedos. Este a\u00f1o, seg\u00fan Santamar\u00eda, no se han sustra\u00eddo ni uno de ellos gracias al programa de identificaci\u00f3n.<\/p>\n<p>Fuente: Agencia de Noticias Univalle<\/p>\n","protected":false},"excerpt":{"rendered":"<p>Se espera este jueves llegar al r\u00e9cord de m\u00e1s de 1.500 bicicletas matriculadas en la Universidad del Valle, y con ello que sus propietarios tengan mayor seguridad a la hora de dejar sus veloc\u00edpedos en los nuevos estacionamientos de que ha dispuesto para ellas la administraci\u00f3n universitaria. La jornada de[&#8230;]<\/p>\n","protected":false},"author":1,"featured_media":6407,"comment_status":"open","ping_status":"open","sticky":false,"template":"","format":"standard","meta":{"footnotes":""},"categories":[4],"tags":[],"_links":{"self":[{"href":"https:\/\/emisora.univalle.edu.co\/index.php\/wp-json\/wp\/v2\/posts\/6423"}],"collection":[{"href":"https:\/\/emisora.univalle.edu.co\/index.php\/wp-json\/wp\/v2\/posts"}],"about":[{"href":"https:\/\/emisora.univalle.edu.co\/index.php\/wp-json\/wp\/v2\/types\/post"}],"author":[{"embeddable":true,"href":"https:\/\/emisora.univalle.edu.co\/index.php\/wp-json\/wp\/v2\/users\/1"}],"replies":[{"embeddable":true,"href":"https:\/\/emisora.univalle.edu.co\/index.php\/wp-json\/wp\/v2\/comments?post=6423"}],"version-history":[{"count":1,"href":"https:\/\/emisora.univalle.edu.co\/index.php\/wp-json\/wp\/v2\/posts\/6423\/revisions"}],"predecessor-version":[{"id":6424,"href":"https:\/\/emisora.univalle.edu.co\/index.php\/wp-json\/wp\/v2\/posts\/6423\/revisions\/6424"}],"wp:featuredmedia":[{"embeddable":true,"href":"https:\/\/emisora.univalle.edu.co\/index.php\/wp-json\/wp\/v2\/media\/6407"}],"wp:attachment":[{"href":"https:\/\/emisora.univalle.edu.co\/index.php\/wp-json\/wp\/v2\/media?parent=6423"}],"wp:term":[{"taxonomy":"category","embeddable":true,"href":"https:\/\/emisora.univalle.edu.co\/index.php\/wp-json\/wp\/v2\/categories?post=6423"},{"taxonomy":"post_tag","embeddable":true,"href":"https:\/\/emisora.univalle.edu.co\/index.php\/wp-json\/wp\/v2\/tags?post=6423"}],"curies":[{"name":"wp","href":"https:\/\/api.w.org\/{rel}","templated":true}]}}