{"id":6425,"date":"2015-08-25T15:39:07","date_gmt":"2015-08-25T20:39:07","guid":{"rendered":"https:\/\/emisora.univalle.edu.co\/\/?p=6425"},"modified":"2015-08-25T15:39:07","modified_gmt":"2015-08-25T20:39:07","slug":"inspeccion-de-fifa-arriba-este-jueves-cali-sede-del-mundial-de-futsal-2016","status":"publish","type":"post","link":"https:\/\/emisora.univalle.edu.co\/index.php\/inspeccion-de-fifa-arriba-este-jueves-cali-sede-del-mundial-de-futsal-2016\/","title":{"rendered":"Inspecci\u00f3n de Fifa arriba este jueves a Cali, sede del Mundial de Futsal 2016"},"content":{"rendered":"<p><span style=\"line-height: 1.5em;\">En el camino de preparaci\u00f3n para la Copa Mundial de Futsal Colombia 2016, este lunes 24 de agosto se puso en marcha la tercera inspecci\u00f3n t\u00e9cnica de la delegaci\u00f3n de la Fifa a Ibagu\u00e9, una de las cuatro sedes de la competencia que se cumplir\u00e1 entre el 10 de septiembre y el 1 de octubre de 2016.<\/span><\/p>\n<p>La visita continuar\u00e1 este martes en Bucaramanga, mi\u00e9rcoles en Medell\u00edn y finalmente el jueves en Cali, sede principal del certamen mundialista y casa de la Selecci\u00f3n Colombia.<\/p>\n<p>Competiciones, marketing, medios de comunicaci\u00f3n, televisi\u00f3n y acomodaci\u00f3n, son los temas a tratar en cada visita, aunque el director de eventos de la Fifa, Jaime Yarza, enfatiz\u00f3 en el proceso de infraestructura de los coliseos sede, ya que la fecha l\u00edmite para entregar los escenarios a la organizaci\u00f3n ser\u00e1 el 1 de junio de 2016.<\/p>\n<p>\u201c24 pa\u00edses van a pelear por estar aqu\u00ed y luego se transmitir\u00e1 a cerca de 200 pa\u00edses en todo el mundo, es decir, que para nosotros es un mundial fundamental para la especialidad, para el f\u00fatbol sala, por eso las exigencias\u201d, explic\u00f3 Yarza.<\/p>\n<p>Los medios locales interesados en el cubrimiento de la inspecci\u00f3n t\u00e9cnica podr\u00e1n realizar registro de im\u00e1genes y video durante la primera parte de la visita a los coliseos.<\/p>\n<p>Los delegados de Fifa y FCF, adem\u00e1s de las autoridades locales, atender\u00e1n a los representantes de los medios al final de cada inspecci\u00f3n.<\/p>\n<p>En Cali, la agenda iniciar\u00e1 con una reuni\u00f3n junto al alcalde de Cali, Rodrigo Guerrero Velasco, en su despacho. Luego ser\u00e1 la atenci\u00f3n a medios de comunicaci\u00f3n y posteriormente la visita al Coliseo El Pueblo.<\/p>\n<p>Fuente: Comunicaciones Secretar\u00eda de Deportes.<\/p>\n","protected":false},"excerpt":{"rendered":"<p>En el camino de preparaci\u00f3n para la Copa Mundial de Futsal Colombia 2016, este lunes 24 de agosto se puso en marcha la tercera inspecci\u00f3n t\u00e9cnica de la delegaci\u00f3n de la Fifa a Ibagu\u00e9, una de las cuatro sedes de la competencia que se cumplir\u00e1 entre el 10 de septiembre[&#8230;]<\/p>\n","protected":false},"author":1,"featured_media":6426,"comment_status":"open","ping_status":"open","sticky":false,"template":"","format":"standard","meta":{"footnotes":""},"categories":[4],"tags":[],"_links":{"self":[{"href":"https:\/\/emisora.univalle.edu.co\/index.php\/wp-json\/wp\/v2\/posts\/6425"}],"collection":[{"href":"https:\/\/emisora.univalle.edu.co\/index.php\/wp-json\/wp\/v2\/posts"}],"about":[{"href":"https:\/\/emisora.univalle.edu.co\/index.php\/wp-json\/wp\/v2\/types\/post"}],"author":[{"embeddable":true,"href":"https:\/\/emisora.univalle.edu.co\/index.php\/wp-json\/wp\/v2\/users\/1"}],"replies":[{"embeddable":true,"href":"https:\/\/emisora.univalle.edu.co\/index.php\/wp-json\/wp\/v2\/comments?post=6425"}],"version-history":[{"count":1,"href":"https:\/\/emisora.univalle.edu.co\/index.php\/wp-json\/wp\/v2\/posts\/6425\/revisions"}],"predecessor-version":[{"id":6427,"href":"https:\/\/emisora.univalle.edu.co\/index.php\/wp-json\/wp\/v2\/posts\/6425\/revisions\/6427"}],"wp:featuredmedia":[{"embeddable":true,"href":"https:\/\/emisora.univalle.edu.co\/index.php\/wp-json\/wp\/v2\/media\/6426"}],"wp:attachment":[{"href":"https:\/\/emisora.univalle.edu.co\/index.php\/wp-json\/wp\/v2\/media?parent=6425"}],"wp:term":[{"taxonomy":"category","embeddable":true,"href":"https:\/\/emisora.univalle.edu.co\/index.php\/wp-json\/wp\/v2\/categories?post=6425"},{"taxonomy":"post_tag","embeddable":true,"href":"https:\/\/emisora.univalle.edu.co\/index.php\/wp-json\/wp\/v2\/tags?post=6425"}],"curies":[{"name":"wp","href":"https:\/\/api.w.org\/{rel}","templated":true}]}}