{"id":6464,"date":"2015-08-26T11:04:41","date_gmt":"2015-08-26T16:04:41","guid":{"rendered":"https:\/\/emisora.univalle.edu.co\/\/?p=6464"},"modified":"2015-08-26T11:04:41","modified_gmt":"2015-08-26T16:04:41","slug":"univalle-se-capacita-en-gobierno-en-linea","status":"publish","type":"post","link":"https:\/\/emisora.univalle.edu.co\/index.php\/univalle-se-capacita-en-gobierno-en-linea\/","title":{"rendered":"Univalle se capacita en Gobierno en L\u00ednea"},"content":{"rendered":"<p><span style=\"line-height: 1.5em;\">La Universidad del Valle se sum\u00f3 a la estrategia de Gobierno en L\u00ednea, liderada por el Ministerio de Tecnolog\u00edas de la Informaci\u00f3n, con las capacitaciones sobre los nuevos componentes de la Estrategia, que se est\u00e1n llevando a cabo en el centro de estudios el 25 y 26 de agosto de 2015.<\/span><\/p>\n<p>Durante estos dos d\u00edas, funcionarios de la Universidad del Valle y de alcald\u00edas, contralor\u00edas y corporaciones aut\u00f3nomas regionales de todo el Valle aprenden sobre los cuatro nuevos componentes de Gobierno en L\u00ednea y arquitectura empresarial.<a href=\"https:\/\/emisora.univalle.edu.co\/\/wp-content\/uploads\/2015\/08\/Gobierno-en-L\u00ednea1.jpg\" data-lightbox=\"gal[6464]\"><img loading=\"lazy\" decoding=\"async\" class=\"alignright  wp-image-6449\" alt=\"Gobierno en L\u00ednea1\" src=\"https:\/\/emisora.univalle.edu.co\/\/wp-content\/uploads\/2015\/08\/Gobierno-en-L\u00ednea1.jpg\" width=\"560\" height=\"426\" srcset=\"https:\/\/emisora.univalle.edu.co\/wp-content\/uploads\/2015\/08\/Gobierno-en-L\u00ednea1.jpg 800w, https:\/\/emisora.univalle.edu.co\/wp-content\/uploads\/2015\/08\/Gobierno-en-L\u00ednea1-300x228.jpg 300w, https:\/\/emisora.univalle.edu.co\/wp-content\/uploads\/2015\/08\/Gobierno-en-L\u00ednea1-438x333.jpg 438w\" sizes=\"(max-width: 560px) 100vw, 560px\" \/><\/a><\/p>\n<p>Seg\u00fan Jorge Ch\u00e1vez, articulador para el Valle del Cauca de Gobierno en L\u00ednea, la primera etapa de la capacitaci\u00f3n se denomina \u201cinformal\u201d, en ella se informan todos los cambios de Gobierno en L\u00ednea y se socializa el nuevo decreto de la estrategia.<\/p>\n<p>La segunda etapa, \u201centender\u201d, busca que las entidades se apropien de la estrategia y que se ponga en pr\u00e1ctica la nueva informaci\u00f3n.<\/p>\n<p>Hoy, en la etapa \u201cubicar\u201d, los funcionarios p\u00fablicos realizan un taller de datos abiertos y hacen un diagn\u00f3stico sobre el estado de la implementaci\u00f3n de Gobierno En L\u00ednea en sus entidades, para establecer un plan a seguir y ponerlo en pr\u00e1ctica en la \u00faltima etapa: \u201cactuar\u201d.<\/p>\n<p>La Estrategia de Gobierno en l\u00ednea evoluciona permanentemente buscando que la administraci\u00f3n p\u00fablica colombiana se adapte a la creciente expectativa de calidad de servicios de la ciudadan\u00eda as\u00ed como a las tendencias mundiales de Gobierno Digital que buscan que los gobiernos sean cada vez m\u00e1s eficientes, transparentes y confiables<\/p>\n<p>Este a\u00f1o la estrategia de Gobierno en L\u00ednea incluy\u00f3 cuatro nuevos componentes: \u201cdos de cara a ciudadano, que son TIC para servicios y TIC para gobierno abierto y dos de cara a la entidad para fortalecerla en cuanto a la prestaci\u00f3n de servicios al ciudadano, que son seguridad y privacidad de la informaci\u00f3n y TIC para la gesti\u00f3n\u201d, explica Jorge Ch\u00e1vez.<\/p>\n<p>\u201cLa idea de estas capacitaciones es que los funcionarios apliquen los componentes en todas las iniciativas y aplicaciones de sus sitios web, para acercar el ciudadano a la entidad\u201d, concluye el funcionario.<\/p>\n","protected":false},"excerpt":{"rendered":"<p>La Universidad del Valle se sum\u00f3 a la estrategia de Gobierno en L\u00ednea, liderada por el Ministerio de Tecnolog\u00edas de la Informaci\u00f3n, con las capacitaciones sobre los nuevos componentes de la Estrategia, que se est\u00e1n llevando a cabo en el centro de estudios el 25 y 26 de agosto de[&#8230;]<\/p>\n","protected":false},"author":1,"featured_media":6448,"comment_status":"open","ping_status":"open","sticky":false,"template":"","format":"standard","meta":{"footnotes":""},"categories":[4],"tags":[],"_links":{"self":[{"href":"https:\/\/emisora.univalle.edu.co\/index.php\/wp-json\/wp\/v2\/posts\/6464"}],"collection":[{"href":"https:\/\/emisora.univalle.edu.co\/index.php\/wp-json\/wp\/v2\/posts"}],"about":[{"href":"https:\/\/emisora.univalle.edu.co\/index.php\/wp-json\/wp\/v2\/types\/post"}],"author":[{"embeddable":true,"href":"https:\/\/emisora.univalle.edu.co\/index.php\/wp-json\/wp\/v2\/users\/1"}],"replies":[{"embeddable":true,"href":"https:\/\/emisora.univalle.edu.co\/index.php\/wp-json\/wp\/v2\/comments?post=6464"}],"version-history":[{"count":1,"href":"https:\/\/emisora.univalle.edu.co\/index.php\/wp-json\/wp\/v2\/posts\/6464\/revisions"}],"predecessor-version":[{"id":6465,"href":"https:\/\/emisora.univalle.edu.co\/index.php\/wp-json\/wp\/v2\/posts\/6464\/revisions\/6465"}],"wp:featuredmedia":[{"embeddable":true,"href":"https:\/\/emisora.univalle.edu.co\/index.php\/wp-json\/wp\/v2\/media\/6448"}],"wp:attachment":[{"href":"https:\/\/emisora.univalle.edu.co\/index.php\/wp-json\/wp\/v2\/media?parent=6464"}],"wp:term":[{"taxonomy":"category","embeddable":true,"href":"https:\/\/emisora.univalle.edu.co\/index.php\/wp-json\/wp\/v2\/categories?post=6464"},{"taxonomy":"post_tag","embeddable":true,"href":"https:\/\/emisora.univalle.edu.co\/index.php\/wp-json\/wp\/v2\/tags?post=6464"}],"curies":[{"name":"wp","href":"https:\/\/api.w.org\/{rel}","templated":true}]}}