{"id":6472,"date":"2015-08-26T14:12:29","date_gmt":"2015-08-26T19:12:29","guid":{"rendered":"https:\/\/emisora.univalle.edu.co\/\/?p=6472"},"modified":"2015-08-26T14:12:29","modified_gmt":"2015-08-26T19:12:29","slug":"en-sevilla-y-caicedonia-se-reunira-comision-departamental-de-coordinacion-y-seguimiento-de-procesos-electorales","status":"publish","type":"post","link":"https:\/\/emisora.univalle.edu.co\/index.php\/en-sevilla-y-caicedonia-se-reunira-comision-departamental-de-coordinacion-y-seguimiento-de-procesos-electorales\/","title":{"rendered":"En Sevilla y Caicedonia se reunir\u00e1 Comisi\u00f3n Departamental de Coordinaci\u00f3n y Seguimiento de Procesos Electorales"},"content":{"rendered":"<p><span style=\"line-height: 1.5em;\">El pr\u00f3ximo 27 de agosto en la Casa de la Cultura del Municipio de Sevilla, a las 10:00 A.M, se llevar\u00e1 a cabo una reuni\u00f3n conjunta entre la Comisi\u00f3n Departamental y las Comisiones Municipales de Coordinaci\u00f3n y Seguimiento de los Procesos Electorales de Sevilla y Caicedonia. Dicha reuni\u00f3n fue acordada dentro del cronograma de actividades\u00a0 del Comit\u00e9 Departamental de Coordinaci\u00f3n y Seguimiento\u00a0 de Los Procesos Electorales, con relaci\u00f3n a las elecciones que se realizar\u00e1n en el mes de octubre de 2015 donde se estar\u00e1n eligiendo Autoridades locales (Gobernadores, Alcaldes, Diputados, Concejales y Juntas Administradoras Locales).<\/span><\/p>\n<p>La Administraci\u00f3n Departamental en cabeza\u00a0 del Se\u00f1or\u00a0 Gobernador, Ubeimar Delgado Bland\u00f3n, a trav\u00e9s del Secretario de Gobierno Departamental Orlando Riascos Ocampo, interactuar\u00e1n con los 14 invitados Permanentes, los Delegados Departamentales adscritos a la Registradur\u00eda Nacional, los 7 integrantes de los Organismos Interinstitucionales e Institucionales, la Funcionaria del Ministerio del Interior para el Tema Electoral, los Comandantes de la Polic\u00eda Valle y Metropolitana de Cali, Tercera Brigada, Fuerza Naval del Pac\u00edfico,\u00a0\u00a0 Fuerza A\u00e9rea Batall\u00f3n de Combate No. 7, quienes hacen parte de la Comisi\u00f3n Departamental para la Coordinaci\u00f3n y el Seguimiento de los Procesos Electorales.<\/p>\n<p>Esta misma Comisi\u00f3n, se reunir\u00e1 el mi\u00e9rcoles 2 de septiembre de 2015, a las 9:00A. M, en el Sal\u00f3n Gobernadores \u201cJuan Pablo II\u201d, Edificio Gobernaci\u00f3n del Valle, con el fin de realizar las actividades necesarias para asegurar y garantizar el normal desarrollo de los procesos electorales, el cumplimiento de de las garant\u00edas y la salvaguarda de los derechos y deberes de los partidos y movimientos pol\u00edticos.<\/p>\n<p>As\u00ed mismo son invitados los representantes y voceros de los partidos y movimientos pol\u00edticos con Personer\u00eda Jur\u00eddica Vigente y los movimientos sociales y grupos significativos de ciudadanos, para que intervengan con voz en la Comisi\u00f3n y formulen sus inquietudes, en lo relacionado con el proceso electoral que se aproxima.<\/p>\n<p>Igualmente son invitados la MOE, -Misi\u00f3n de Observaci\u00f3n Electoral- y Directores de la Federaci\u00f3n Colombiana de Departamentos y Municipios.<\/p>\n","protected":false},"excerpt":{"rendered":"<p>El pr\u00f3ximo 27 de agosto en la Casa de la Cultura del Municipio de Sevilla, a las 10:00 A.M, se llevar\u00e1 a cabo una reuni\u00f3n conjunta entre la Comisi\u00f3n Departamental y las Comisiones Municipales de Coordinaci\u00f3n y Seguimiento de los Procesos Electorales de Sevilla y Caicedonia. Dicha reuni\u00f3n fue acordada[&#8230;]<\/p>\n","protected":false},"author":1,"featured_media":6445,"comment_status":"open","ping_status":"open","sticky":false,"template":"","format":"standard","meta":{"footnotes":""},"categories":[4],"tags":[],"_links":{"self":[{"href":"https:\/\/emisora.univalle.edu.co\/index.php\/wp-json\/wp\/v2\/posts\/6472"}],"collection":[{"href":"https:\/\/emisora.univalle.edu.co\/index.php\/wp-json\/wp\/v2\/posts"}],"about":[{"href":"https:\/\/emisora.univalle.edu.co\/index.php\/wp-json\/wp\/v2\/types\/post"}],"author":[{"embeddable":true,"href":"https:\/\/emisora.univalle.edu.co\/index.php\/wp-json\/wp\/v2\/users\/1"}],"replies":[{"embeddable":true,"href":"https:\/\/emisora.univalle.edu.co\/index.php\/wp-json\/wp\/v2\/comments?post=6472"}],"version-history":[{"count":1,"href":"https:\/\/emisora.univalle.edu.co\/index.php\/wp-json\/wp\/v2\/posts\/6472\/revisions"}],"predecessor-version":[{"id":6473,"href":"https:\/\/emisora.univalle.edu.co\/index.php\/wp-json\/wp\/v2\/posts\/6472\/revisions\/6473"}],"wp:featuredmedia":[{"embeddable":true,"href":"https:\/\/emisora.univalle.edu.co\/index.php\/wp-json\/wp\/v2\/media\/6445"}],"wp:attachment":[{"href":"https:\/\/emisora.univalle.edu.co\/index.php\/wp-json\/wp\/v2\/media?parent=6472"}],"wp:term":[{"taxonomy":"category","embeddable":true,"href":"https:\/\/emisora.univalle.edu.co\/index.php\/wp-json\/wp\/v2\/categories?post=6472"},{"taxonomy":"post_tag","embeddable":true,"href":"https:\/\/emisora.univalle.edu.co\/index.php\/wp-json\/wp\/v2\/tags?post=6472"}],"curies":[{"name":"wp","href":"https:\/\/api.w.org\/{rel}","templated":true}]}}