{"id":6474,"date":"2015-08-26T14:15:28","date_gmt":"2015-08-26T19:15:28","guid":{"rendered":"https:\/\/emisora.univalle.edu.co\/\/?p=6474"},"modified":"2015-08-26T14:15:28","modified_gmt":"2015-08-26T19:15:28","slug":"alcaldia-aclara-que-predios-afectados-por-pilares-del-mio-cable-fueron-atendidos","status":"publish","type":"post","link":"https:\/\/emisora.univalle.edu.co\/index.php\/alcaldia-aclara-que-predios-afectados-por-pilares-del-mio-cable-fueron-atendidos\/","title":{"rendered":"Alcald\u00eda aclara que predios afectados por pilares del MIO Cable fueron atendidos"},"content":{"rendered":"<p><span style=\"line-height: 1.5em;\">\u00a0\u201cLas viviendas que se vieron afectadas por la construcci\u00f3n del MIO Cable fueron atendidas por la firma Conalv\u00edas, que ya adelant\u00f3 gesti\u00f3n predial y las mismas fueron recibidas a satisfacci\u00f3n por parte de la interventor\u00eda. En este momento, todas las denuncias sobre el tema se encuentran cerradas y fueron atendidas\u201d.<\/span><\/p>\n<p>As\u00ed respondi\u00f3 la vicepresidenta de Metrocali, Sandra Liliana \u00c1ngel, a las supuestas quejas de habitantes de la ladera afectados por la construcci\u00f3n del MIO Cable.<\/p>\n<p>La funcionaria precis\u00f3 que se recibieron varias quejas y cuando fue necesario adquirir el predio, as\u00ed se hizo. \u201cTambi\u00e9n sucedi\u00f3, que la misma comunidad, durante la ejecuci\u00f3n de la obra hizo obras adicionales, altillos que no estaban permitidos por la norma urban\u00edstica y por parte del Contratista hubo que derribarlas\u201d, afirm\u00f3.<\/p>\n<p>A\u00f1adi\u00f3 que la zona que present\u00f3 inconvenientes fue reconstruida, porque tambi\u00e9n se efectuaron obras fuera del \u00e1rea de circulaci\u00f3n, de acuerdo con la normatividad que debe cumplirse internacionalmente cuando se adelantan este tipo de obras, como lo es la construcci\u00f3n de un cable a\u00e9reo.<\/p>\n<p>Sin embargo, la vicepresidente de Metrocali se comprometi\u00f3 a revisar nuevas quejas si estas aparecen. \u201cReitero que todas las quejas que se interpusieron durante el proceso constructivo fueron atendidas a satisfacci\u00f3n\u201d, recalc\u00f3.<\/p>\n<p>Aunque no precis\u00f3 el valor exacto de la inversi\u00f3n, s\u00ed inform\u00f3 que en algunos eventos se asumieron inversiones de hasta $60 millones por caso, dado que los reclamos y atenciones eran espec\u00edficos, con grietas no causados por la obra sino motivados porque la misma comunidad empez\u00f3 a construir dentro de sus viviendas, haciendo otra planta u otro altillo, reiterando que eso no estaba permitido dentro de la obra.<\/p>\n<p>El alcalde de Cali, Rodrigo Guerrero Velasco, fue enf\u00e1tico al afirmar que la obra de MIO Cable se ha ejecutado con todas las precauciones del caso. \u201cMiraremos los casos concretos, pero eso siempre sucede; atenderemos las peticiones y eventuales demandas como ha sido nuestra costumbre y se atender\u00e1n si hay m\u00e9rito para ello, de lo contrario se dar\u00e1n las explicaciones del caso\u201d, recalc\u00f3 el m\u00e9dico.<\/p>\n<p>El mandatario record\u00f3 que el proyecto del MIO Cable fue retomado por esta Administraci\u00f3n luego de una conciliaci\u00f3n arbitral que se pact\u00f3 con el m\u00e9todo de llave en mano y que despu\u00e9s se modificaron las condiciones. \u201cPagamos en conciliaci\u00f3n $19.000 millones y retomamos la obra que pronto se pondr\u00e1 en funcionamiento\u201d, concluy\u00f3.<\/p>\n<p>Fuente Comunicaciones Alcald\u00eda<\/p>\n<p>&nbsp;<\/p>\n<p><b>Cali reunir\u00e1 m\u00e1s de 100 iniciativas sociales innovadoras y transformadoras<\/b><\/p>\n<p>Este s\u00e1bado 29 de agosto se reunir\u00e1n en Cali m\u00e1s de 100 iniciativas sociales que est\u00e1n transformando la capital vallecaucana.<\/p>\n<p>El Evento llamado Encuentro Acelerador de Conexiones reunir\u00e1 todas las iniciativas de colectivos ciudadanos, organizaciones comunitarias y grupos de innovadores que se postularon a la VIII Versi\u00f3n del Premio C\u00edvico Por una Ciudad Mejor.<\/p>\n<p>De acuerdo con Gianinna Siuffi, coordinadora del Premio en Cali, \u201cel encuentro es una oportunidad para que los ciudadanos den a conocer sus iniciativas sociales y para generar colaboraci\u00f3n entre ellos al permitir encontrar posibilidades para recursos, informaci\u00f3n y generar conexiones que de otra forma ser\u00eda muy dif\u00edcil intercambiar. Es una manera de fortalecer los procesos sociales que se dan en los barrios y en las comunas\u201d.<\/p>\n<p>El encuentro es impulsado por el Programa Premio C\u00edvico Por una Ciudad Mejor en alianza con el Impact HUB, una red global que busca generar colaboraci\u00f3n entre personas y con presencia en m\u00e1s de 40 pa\u00edses.<\/p>\n<p>Se espera la participaci\u00f3n de m\u00e1s de 100 iniciativas sociales que est\u00e1n ayudando a resolver problemas de la ciudad en distintos temas como salud, educaci\u00f3n, medioambiente, seguridad, nutrici\u00f3n, atenci\u00f3n a primera infancia, recreaci\u00f3n, cultura, entre otros.<\/p>\n<p>Todas las iniciativas tienen en com\u00fan que son adelantadas por grupos de ciudadanos organizados alrededor de la soluci\u00f3n de un problema, identifican en su interior procesos socialmente innovadores y benefician a las comunidades donde se ejecutan.<\/p>\n<p>El encuentro se realizar\u00e1 este 29 de agosto a partir de las 8:30 de la ma\u00f1ana en la sala de conferencias No. 3 del Centro Cultural Comfandi (direcci\u00f3n: calle 8 #6-2)<\/p>\n<p>Mayor informaci\u00f3n: Gianinna Siuffi, coordinadora del Premio en Cali. Tel. 3331230 Celular 301 2567491 Facebook Por una Ciudad Mejor. Correo electr\u00f3nico: premiocivico@alvaralice.org P\u00e1gina web <a href=\"http:\/\/www.porunaciudadmejor.com\/\">www.porunaciudadmejor.com<\/a><\/p>\n<p>Fuente: Comunicaciones Alcald\u00eda<\/p>\n","protected":false},"excerpt":{"rendered":"<p>\u00a0\u201cLas viviendas que se vieron afectadas por la construcci\u00f3n del MIO Cable fueron atendidas por la firma Conalv\u00edas, que ya adelant\u00f3 gesti\u00f3n predial y las mismas fueron recibidas a satisfacci\u00f3n por parte de la interventor\u00eda. En este momento, todas las denuncias sobre el tema se encuentran cerradas y fueron atendidas\u201d.[&#8230;]<\/p>\n","protected":false},"author":1,"featured_media":6475,"comment_status":"open","ping_status":"open","sticky":false,"template":"","format":"standard","meta":{"footnotes":""},"categories":[4],"tags":[],"_links":{"self":[{"href":"https:\/\/emisora.univalle.edu.co\/index.php\/wp-json\/wp\/v2\/posts\/6474"}],"collection":[{"href":"https:\/\/emisora.univalle.edu.co\/index.php\/wp-json\/wp\/v2\/posts"}],"about":[{"href":"https:\/\/emisora.univalle.edu.co\/index.php\/wp-json\/wp\/v2\/types\/post"}],"author":[{"embeddable":true,"href":"https:\/\/emisora.univalle.edu.co\/index.php\/wp-json\/wp\/v2\/users\/1"}],"replies":[{"embeddable":true,"href":"https:\/\/emisora.univalle.edu.co\/index.php\/wp-json\/wp\/v2\/comments?post=6474"}],"version-history":[{"count":1,"href":"https:\/\/emisora.univalle.edu.co\/index.php\/wp-json\/wp\/v2\/posts\/6474\/revisions"}],"predecessor-version":[{"id":6476,"href":"https:\/\/emisora.univalle.edu.co\/index.php\/wp-json\/wp\/v2\/posts\/6474\/revisions\/6476"}],"wp:featuredmedia":[{"embeddable":true,"href":"https:\/\/emisora.univalle.edu.co\/index.php\/wp-json\/wp\/v2\/media\/6475"}],"wp:attachment":[{"href":"https:\/\/emisora.univalle.edu.co\/index.php\/wp-json\/wp\/v2\/media?parent=6474"}],"wp:term":[{"taxonomy":"category","embeddable":true,"href":"https:\/\/emisora.univalle.edu.co\/index.php\/wp-json\/wp\/v2\/categories?post=6474"},{"taxonomy":"post_tag","embeddable":true,"href":"https:\/\/emisora.univalle.edu.co\/index.php\/wp-json\/wp\/v2\/tags?post=6474"}],"curies":[{"name":"wp","href":"https:\/\/api.w.org\/{rel}","templated":true}]}}