{"id":6477,"date":"2015-08-26T14:17:09","date_gmt":"2015-08-26T19:17:09","guid":{"rendered":"https:\/\/emisora.univalle.edu.co\/\/?p=6477"},"modified":"2015-08-26T14:17:09","modified_gmt":"2015-08-26T19:17:09","slug":"hablando-de-justicia-restaurativa-en-colegios-de-cali","status":"publish","type":"post","link":"https:\/\/emisora.univalle.edu.co\/index.php\/hablando-de-justicia-restaurativa-en-colegios-de-cali\/","title":{"rendered":"Hablando de justicia restaurativa en colegios de Cali"},"content":{"rendered":"<p><span style=\"line-height: 1.5em;\">Con el apoyo del Instituto Cisalva de la Universidad del Valle, se realizar\u00e1 este jueves 27 de agosto el \u201cPanel de Discusi\u00f3n de Justicia Restaurativa \u2013 M\u00e1s all\u00e1 de la disciplina y el castigo\u201d, de 8:00 a.m. a 12:00 m, salas 1 y 2, piso 5, Comfenalco.<\/span><\/p>\n<p>&nbsp;<\/p>\n<p>Este panel es organizado por la Alcald\u00eda de Cali, la Secretar\u00eda de Educaci\u00f3n, la Subsecretar\u00eda de Desarrollo Pedag\u00f3gico, el Comit\u00e9 Municipal de Convivencia Escolar (COMCE) y el Instituto Cisalva de la Universidad del Valle, como parte del proyecto \u201cPedagog\u00edas para la Convivencia y la Construcci\u00f3n Ciudadana\u201d.<\/p>\n<p>El evento convocar\u00e1 a las 91 Instituciones Educativas p\u00fablicas cale\u00f1as para brindar herramientas a los diversos actores que conforman la comunidad escolar acerca del conocimiento e implementaci\u00f3n de la Ley 1620 de 2013, que promueve la formaci\u00f3n ciudadana a trav\u00e9s del trabajo conjunto de los estamentos que hacen parte del sector educativo.<\/p>\n<p>Los aportes de las experiencias reparadoras, el rol de los directivos en la aplicaci\u00f3n de esta Ley y c\u00f3mo hacer uso cotidiano de la justicia restaurativa en la escuela, ser\u00e1n los temas que orientar\u00e1n la jornada.<\/p>\n<p>Entre los panelistas invitados est\u00e1n Diana Britto, experta en justicia restaurativa, la Hermana Alba Stella Barreto, directora de la Fundaci\u00f3n Paz y Bien, Jos\u00e9 An\u00edbal Morales, experto en convivencia en el contexto escolar, entre otros.<\/p>\n<p>Informes: Oficina de Comunicaciones. Instituto CISALVA.<\/p>\n<p>Tel\u00e9fono: 5577206. Ext: 114.<\/p>\n<p>cisalva.comunicaciones@gmail.com Fuente: Agencia de Noticias Univalle<\/p>\n<p>Fuente: Agencia de Noticias Univalle<\/p>\n","protected":false},"excerpt":{"rendered":"<p>Con el apoyo del Instituto Cisalva de la Universidad del Valle, se realizar\u00e1 este jueves 27 de agosto el \u201cPanel de Discusi\u00f3n de Justicia Restaurativa \u2013 M\u00e1s all\u00e1 de la disciplina y el castigo\u201d, de 8:00 a.m. a 12:00 m, salas 1 y 2, piso 5, Comfenalco. &nbsp; Este panel[&#8230;]<\/p>\n","protected":false},"author":1,"featured_media":6478,"comment_status":"open","ping_status":"open","sticky":false,"template":"","format":"standard","meta":{"footnotes":""},"categories":[4],"tags":[],"_links":{"self":[{"href":"https:\/\/emisora.univalle.edu.co\/index.php\/wp-json\/wp\/v2\/posts\/6477"}],"collection":[{"href":"https:\/\/emisora.univalle.edu.co\/index.php\/wp-json\/wp\/v2\/posts"}],"about":[{"href":"https:\/\/emisora.univalle.edu.co\/index.php\/wp-json\/wp\/v2\/types\/post"}],"author":[{"embeddable":true,"href":"https:\/\/emisora.univalle.edu.co\/index.php\/wp-json\/wp\/v2\/users\/1"}],"replies":[{"embeddable":true,"href":"https:\/\/emisora.univalle.edu.co\/index.php\/wp-json\/wp\/v2\/comments?post=6477"}],"version-history":[{"count":1,"href":"https:\/\/emisora.univalle.edu.co\/index.php\/wp-json\/wp\/v2\/posts\/6477\/revisions"}],"predecessor-version":[{"id":6479,"href":"https:\/\/emisora.univalle.edu.co\/index.php\/wp-json\/wp\/v2\/posts\/6477\/revisions\/6479"}],"wp:featuredmedia":[{"embeddable":true,"href":"https:\/\/emisora.univalle.edu.co\/index.php\/wp-json\/wp\/v2\/media\/6478"}],"wp:attachment":[{"href":"https:\/\/emisora.univalle.edu.co\/index.php\/wp-json\/wp\/v2\/media?parent=6477"}],"wp:term":[{"taxonomy":"category","embeddable":true,"href":"https:\/\/emisora.univalle.edu.co\/index.php\/wp-json\/wp\/v2\/categories?post=6477"},{"taxonomy":"post_tag","embeddable":true,"href":"https:\/\/emisora.univalle.edu.co\/index.php\/wp-json\/wp\/v2\/tags?post=6477"}],"curies":[{"name":"wp","href":"https:\/\/api.w.org\/{rel}","templated":true}]}}