{"id":6489,"date":"2015-08-26T14:27:53","date_gmt":"2015-08-26T19:27:53","guid":{"rendered":"https:\/\/emisora.univalle.edu.co\/\/?p=6489"},"modified":"2015-08-26T14:27:53","modified_gmt":"2015-08-26T19:27:53","slug":"cali-reunira-mas-de-100-iniciativas-sociales-innovadoras-y-transformadoras","status":"publish","type":"post","link":"https:\/\/emisora.univalle.edu.co\/index.php\/cali-reunira-mas-de-100-iniciativas-sociales-innovadoras-y-transformadoras\/","title":{"rendered":"Cali reunir\u00e1 m\u00e1s de 100 iniciativas sociales innovadoras y transformadoras"},"content":{"rendered":"<p><span style=\"line-height: 1.5em;\">Este s\u00e1bado 29 de agosto se reunir\u00e1n en Cali m\u00e1s de 100 iniciativas sociales que est\u00e1n transformando la capital vallecaucana.<\/span><\/p>\n<p>El Evento llamado Encuentro Acelerador de Conexiones reunir\u00e1 todas las iniciativas de colectivos ciudadanos, organizaciones comunitarias y grupos de innovadores que se postularon a la VIII Versi\u00f3n del Premio C\u00edvico Por una Ciudad Mejor.<\/p>\n<p>De acuerdo con Gianinna Siuffi, coordinadora del Premio en Cali, \u201cel encuentro es una oportunidad para que los ciudadanos den a conocer sus iniciativas sociales y para generar colaboraci\u00f3n entre ellos al permitir encontrar posibilidades para recursos, informaci\u00f3n y generar conexiones que de otra forma ser\u00eda muy dif\u00edcil intercambiar. Es una manera de fortalecer los procesos sociales que se dan en los barrios y en las comunas\u201d.<\/p>\n<p>El encuentro es impulsado por el Programa Premio C\u00edvico Por una Ciudad Mejor en alianza con el Impact HUB, una red global que busca generar colaboraci\u00f3n entre personas y con presencia en m\u00e1s de 40 pa\u00edses.<\/p>\n<p>Se espera la participaci\u00f3n de m\u00e1s de 100 iniciativas sociales que est\u00e1n ayudando a resolver problemas de la ciudad en distintos temas como salud, educaci\u00f3n, medioambiente, seguridad, nutrici\u00f3n, atenci\u00f3n a primera infancia, recreaci\u00f3n, cultura, entre otros.<\/p>\n<p>Todas las iniciativas tienen en com\u00fan que son adelantadas por grupos de ciudadanos organizados alrededor de la soluci\u00f3n de un problema, identifican en su interior procesos socialmente innovadores y benefician a las comunidades donde se ejecutan.<\/p>\n<p>El encuentro se realizar\u00e1 este 29 de agosto a partir de las 8:30 de la ma\u00f1ana en la sala de conferencias No. 3 del Centro Cultural Comfandi (direcci\u00f3n: calle 8 #6-2)<\/p>\n<p>Mayor informaci\u00f3n: Gianinna Siuffi, coordinadora del Premio en Cali. Tel. 3331230 Celular 301 2567491 Facebook Por una Ciudad Mejor. Correo electr\u00f3nico: premiocivico@alvaralice.org P\u00e1gina web <a href=\"http:\/\/www.porunaciudadmejor.com\/\">www.porunaciudadmejor.com<\/a><\/p>\n<p>Fuente: Comunicaciones Alcald\u00eda<\/p>\n","protected":false},"excerpt":{"rendered":"<p>Este s\u00e1bado 29 de agosto se reunir\u00e1n en Cali m\u00e1s de 100 iniciativas sociales que est\u00e1n transformando la capital vallecaucana. El Evento llamado Encuentro Acelerador de Conexiones reunir\u00e1 todas las iniciativas de colectivos ciudadanos, organizaciones comunitarias y grupos de innovadores que se postularon a la VIII Versi\u00f3n del Premio C\u00edvico[&#8230;]<\/p>\n","protected":false},"author":1,"featured_media":6490,"comment_status":"open","ping_status":"open","sticky":false,"template":"","format":"standard","meta":{"footnotes":""},"categories":[4],"tags":[],"_links":{"self":[{"href":"https:\/\/emisora.univalle.edu.co\/index.php\/wp-json\/wp\/v2\/posts\/6489"}],"collection":[{"href":"https:\/\/emisora.univalle.edu.co\/index.php\/wp-json\/wp\/v2\/posts"}],"about":[{"href":"https:\/\/emisora.univalle.edu.co\/index.php\/wp-json\/wp\/v2\/types\/post"}],"author":[{"embeddable":true,"href":"https:\/\/emisora.univalle.edu.co\/index.php\/wp-json\/wp\/v2\/users\/1"}],"replies":[{"embeddable":true,"href":"https:\/\/emisora.univalle.edu.co\/index.php\/wp-json\/wp\/v2\/comments?post=6489"}],"version-history":[{"count":1,"href":"https:\/\/emisora.univalle.edu.co\/index.php\/wp-json\/wp\/v2\/posts\/6489\/revisions"}],"predecessor-version":[{"id":6491,"href":"https:\/\/emisora.univalle.edu.co\/index.php\/wp-json\/wp\/v2\/posts\/6489\/revisions\/6491"}],"wp:featuredmedia":[{"embeddable":true,"href":"https:\/\/emisora.univalle.edu.co\/index.php\/wp-json\/wp\/v2\/media\/6490"}],"wp:attachment":[{"href":"https:\/\/emisora.univalle.edu.co\/index.php\/wp-json\/wp\/v2\/media?parent=6489"}],"wp:term":[{"taxonomy":"category","embeddable":true,"href":"https:\/\/emisora.univalle.edu.co\/index.php\/wp-json\/wp\/v2\/categories?post=6489"},{"taxonomy":"post_tag","embeddable":true,"href":"https:\/\/emisora.univalle.edu.co\/index.php\/wp-json\/wp\/v2\/tags?post=6489"}],"curies":[{"name":"wp","href":"https:\/\/api.w.org\/{rel}","templated":true}]}}