{"id":6512,"date":"2015-08-27T10:43:07","date_gmt":"2015-08-27T15:43:07","guid":{"rendered":"https:\/\/emisora.univalle.edu.co\/\/?p=6512"},"modified":"2015-08-27T10:43:07","modified_gmt":"2015-08-27T15:43:07","slug":"lista-alianza-para-fortalecer-proyectos-de-economia-solidaria","status":"publish","type":"post","link":"https:\/\/emisora.univalle.edu.co\/index.php\/lista-alianza-para-fortalecer-proyectos-de-economia-solidaria\/","title":{"rendered":"Lista alianza para fortalecer proyectos de econom\u00eda solidaria"},"content":{"rendered":"<p><span style=\"line-height: 1.5em;\">La Confederaci\u00f3n de Cooperativas de Colombia, Coonfecoop seccional Valle y la Subdirecci\u00f3n de Desarrollo Integral adscrita a Planeaci\u00f3n Municipal, firmaron una alianza para fortalecer proyectos de econom\u00eda solidaria, que permitir\u00e1n la formaci\u00f3n de empleadores y asociados de las cooperativas en temas de fortalecimiento empresarial y crecimiento y desarrollo personal.<\/span><\/p>\n<p>Esta estrategia de fortalecimiento de habilidades, que se realizar\u00e1 entre los meses de agosto y noviembre, ofrecer\u00e1 5 ciclos de capacitaci\u00f3n, conformados por 3 talleres: uno de atenci\u00f3n al cliente; uno de finanzas personales, ofrecido por Bancompartir, el cual incluir\u00e1 temas de ahorro y cr\u00e9dito; y un taller de crecimiento y desarrollo personal.<\/p>\n<p>Mediante este programa, se espera beneficiar a 520 personas, entre empleados y asociados de organizaciones de econom\u00eda solidaria, y as\u00ed contribuir al fortalecimiento del sector cooperativo, a la consolidaci\u00f3n de sus formas organizativas y nuevos modelos de trabajo en red, con miras a la generaci\u00f3n de ingresos de grupos poblacionales.<\/p>\n<p>Seg\u00fan M\u00f3nica Marulanda de Coonfecoop, Valle, \u00abel acercamiento del sector solidario con el sector p\u00fablico es indispensable para ampliar conocimientos mutuos y permitir que aquel sea un aliado estrat\u00e9gico para el desarrollo de proyectos y el cumplimiento de los principios cooperativos en la ciudad: sostenibilidad del medioambiente y compromiso con la comunidad\u00bb.<\/p>\n<p>A\u00f1adi\u00f3 que esta es una oportunidad para colaborar con la comunidad con propuestas educativas, sociales, culturales, que mejoren su calidad de vida.<\/p>\n<p>Fuente: Comunicaciones Alcald\u00eda<\/p>\n","protected":false},"excerpt":{"rendered":"<p>La Confederaci\u00f3n de Cooperativas de Colombia, Coonfecoop seccional Valle y la Subdirecci\u00f3n de Desarrollo Integral adscrita a Planeaci\u00f3n Municipal, firmaron una alianza para fortalecer proyectos de econom\u00eda solidaria, que permitir\u00e1n la formaci\u00f3n de empleadores y asociados de las cooperativas en temas de fortalecimiento empresarial y crecimiento y desarrollo personal. Esta[&#8230;]<\/p>\n","protected":false},"author":1,"featured_media":6503,"comment_status":"open","ping_status":"open","sticky":false,"template":"","format":"standard","meta":{"footnotes":""},"categories":[4],"tags":[],"_links":{"self":[{"href":"https:\/\/emisora.univalle.edu.co\/index.php\/wp-json\/wp\/v2\/posts\/6512"}],"collection":[{"href":"https:\/\/emisora.univalle.edu.co\/index.php\/wp-json\/wp\/v2\/posts"}],"about":[{"href":"https:\/\/emisora.univalle.edu.co\/index.php\/wp-json\/wp\/v2\/types\/post"}],"author":[{"embeddable":true,"href":"https:\/\/emisora.univalle.edu.co\/index.php\/wp-json\/wp\/v2\/users\/1"}],"replies":[{"embeddable":true,"href":"https:\/\/emisora.univalle.edu.co\/index.php\/wp-json\/wp\/v2\/comments?post=6512"}],"version-history":[{"count":1,"href":"https:\/\/emisora.univalle.edu.co\/index.php\/wp-json\/wp\/v2\/posts\/6512\/revisions"}],"predecessor-version":[{"id":6513,"href":"https:\/\/emisora.univalle.edu.co\/index.php\/wp-json\/wp\/v2\/posts\/6512\/revisions\/6513"}],"wp:featuredmedia":[{"embeddable":true,"href":"https:\/\/emisora.univalle.edu.co\/index.php\/wp-json\/wp\/v2\/media\/6503"}],"wp:attachment":[{"href":"https:\/\/emisora.univalle.edu.co\/index.php\/wp-json\/wp\/v2\/media?parent=6512"}],"wp:term":[{"taxonomy":"category","embeddable":true,"href":"https:\/\/emisora.univalle.edu.co\/index.php\/wp-json\/wp\/v2\/categories?post=6512"},{"taxonomy":"post_tag","embeddable":true,"href":"https:\/\/emisora.univalle.edu.co\/index.php\/wp-json\/wp\/v2\/tags?post=6512"}],"curies":[{"name":"wp","href":"https:\/\/api.w.org\/{rel}","templated":true}]}}