{"id":6514,"date":"2015-08-27T10:43:56","date_gmt":"2015-08-27T15:43:56","guid":{"rendered":"https:\/\/emisora.univalle.edu.co\/\/?p=6514"},"modified":"2015-08-27T10:43:56","modified_gmt":"2015-08-27T15:43:56","slug":"solo-falta-una-semana-para-el-festival-nacional-de-los-mejores-trios","status":"publish","type":"post","link":"https:\/\/emisora.univalle.edu.co\/index.php\/solo-falta-una-semana-para-el-festival-nacional-de-los-mejores-trios\/","title":{"rendered":"Solo falta una semana para el Festival Nacional de los Mejores Tr\u00edos"},"content":{"rendered":"<p><span style=\"line-height: 1.5em;\">De nuevo la m\u00fasica de cuerda se toma a Cali, con el XXIII Festival Nacional de los Mejores Tr\u00edos, con un despliegue de presentaciones en cuatro escenarios diferentes, en el que se rendir\u00e1 un merecido homenaje al maestro Alci Acosta.<\/span><\/p>\n<p>La Fundaci\u00f3n del Artista Colombiano, presidida por Mery Salazar de Sierra, trae como invitados internacionales: de Costa Rica el Tr\u00edo Los Josefinos, de Ecuador Los Tres Brillantes y desde Puerto Rico el Tr\u00edo Los Condes.<\/p>\n<p>Por Colombia estar\u00e1n los mejores doce Tr\u00edos: desde Versalles, Los Patuma; desde Bogot\u00e1, Los Duques y Caf\u00e9 Anta\u00f1o; desde\u00a0 Pasto, Somos Tr\u00edo y Los Rub\u00edes; desde Ipiales, Solo Tr\u00edo; desde Popay\u00e1n, Amaranto Tr\u00edo; desde C\u00facuta, Son Clase Tr\u00edo; y los tr\u00edos\u00a0 anfitriones ser\u00e1n Los Rom\u00e1nticos, Mediterr\u00e1neo y Romance.<\/p>\n<p>Igualmente, participar\u00e1 Opio Tr\u00edo de la ciudad de Bogot\u00e1 ganador del\u00a0 III Concurso Juvenil Tr\u00edo Novel.<\/p>\n<p>Como es habitual, la Fundaci\u00f3n rinde homenaje a un artista colombiano destacado y que por sus virtudes ha dejado una huella imborrable en la cultura del pa\u00eds; en tal sentido, el reconocimiento es para el maestro Alci Acosta, quien estar\u00e1 presente en los escenarios del Festival.<\/p>\n<p>Las presentaciones se llevar\u00e1n a cabo en el Teatro Municipal, el mi\u00e9rcoles 2 y el jueves 3 de septiembre; en el Hotel Dann Carlton, el viernes 4 de septiembre; en la Plaza de Toros, el s\u00e1bado 5 de septiembre y completamente gratis, el domingo 6 de septiembre en la comuna 18, Parque Horizontes del barrio Mel\u00e9ndez.<\/p>\n<p>Fuente: Fundaci\u00f3n del Artista Colombiano<\/p>\n","protected":false},"excerpt":{"rendered":"<p>De nuevo la m\u00fasica de cuerda se toma a Cali, con el XXIII Festival Nacional de los Mejores Tr\u00edos, con un despliegue de presentaciones en cuatro escenarios diferentes, en el que se rendir\u00e1 un merecido homenaje al maestro Alci Acosta. La Fundaci\u00f3n del Artista Colombiano, presidida por Mery Salazar de[&#8230;]<\/p>\n","protected":false},"author":1,"featured_media":6505,"comment_status":"open","ping_status":"open","sticky":false,"template":"","format":"standard","meta":{"footnotes":""},"categories":[4],"tags":[],"_links":{"self":[{"href":"https:\/\/emisora.univalle.edu.co\/index.php\/wp-json\/wp\/v2\/posts\/6514"}],"collection":[{"href":"https:\/\/emisora.univalle.edu.co\/index.php\/wp-json\/wp\/v2\/posts"}],"about":[{"href":"https:\/\/emisora.univalle.edu.co\/index.php\/wp-json\/wp\/v2\/types\/post"}],"author":[{"embeddable":true,"href":"https:\/\/emisora.univalle.edu.co\/index.php\/wp-json\/wp\/v2\/users\/1"}],"replies":[{"embeddable":true,"href":"https:\/\/emisora.univalle.edu.co\/index.php\/wp-json\/wp\/v2\/comments?post=6514"}],"version-history":[{"count":1,"href":"https:\/\/emisora.univalle.edu.co\/index.php\/wp-json\/wp\/v2\/posts\/6514\/revisions"}],"predecessor-version":[{"id":6515,"href":"https:\/\/emisora.univalle.edu.co\/index.php\/wp-json\/wp\/v2\/posts\/6514\/revisions\/6515"}],"wp:featuredmedia":[{"embeddable":true,"href":"https:\/\/emisora.univalle.edu.co\/index.php\/wp-json\/wp\/v2\/media\/6505"}],"wp:attachment":[{"href":"https:\/\/emisora.univalle.edu.co\/index.php\/wp-json\/wp\/v2\/media?parent=6514"}],"wp:term":[{"taxonomy":"category","embeddable":true,"href":"https:\/\/emisora.univalle.edu.co\/index.php\/wp-json\/wp\/v2\/categories?post=6514"},{"taxonomy":"post_tag","embeddable":true,"href":"https:\/\/emisora.univalle.edu.co\/index.php\/wp-json\/wp\/v2\/tags?post=6514"}],"curies":[{"name":"wp","href":"https:\/\/api.w.org\/{rel}","templated":true}]}}