{"id":6522,"date":"2015-08-27T10:48:08","date_gmt":"2015-08-27T15:48:08","guid":{"rendered":"https:\/\/emisora.univalle.edu.co\/\/?p=6522"},"modified":"2015-08-27T10:48:08","modified_gmt":"2015-08-27T15:48:08","slug":"metrocali-ajusta-paradas-del-mio-atendiendo-peticiones-de-usuarios","status":"publish","type":"post","link":"https:\/\/emisora.univalle.edu.co\/index.php\/metrocali-ajusta-paradas-del-mio-atendiendo-peticiones-de-usuarios\/","title":{"rendered":"Metrocali ajusta paradas del MIO, atendiendo peticiones de usuarios"},"content":{"rendered":"<p><span style=\"line-height: 1.5em;\">Con el objetivo de mejorar las condiciones de operaci\u00f3n del MIO y atendiendo las solicitudes de la comunidad, se har\u00e1n varios ajustes a los puntos de parada en algunas zonas de la ciudad, desde el 7 de septiembre.<\/span><\/p>\n<p>Uno de los ajustes se llevar\u00e1 a cabo en la\u00a0 parada doble ubicada sobre la calzada lateral de la calle 70N entre las avenidas 2N y 3N frente al Hipermercado La 14, con el prop\u00f3sito de\u00a0 mejorar la prestaci\u00f3n del servicio del MIO y la movilidad del resto del tr\u00e1nsito automotor.<\/p>\n<p>En este sentido, las rutas A21, A22 y P27D dejar\u00e1n de atender la parada mencionada anteriormente. Adicionalmente, las rutas P12A y P30A atender\u00e1n el primer puesto de\u00a0 parada y las rutas P24A, P24C, P21B y P27C atender\u00e1n el segundo puesto de dicha parada. Para facilitarle al usuario de estas rutas d\u00f3nde debe esperar el bus, se indicar\u00e1n inicialmente en el sardinel las rutas que llegar\u00e1n a cada parada.<\/p>\n<p>Adicionalmente, se cancelar\u00e1\u00a0 la parada que est\u00e1 ubicada sobre la calzada central o principal.<\/p>\n<p>Por otro lado, y atendiendo la solicitud de la comunidad de los barrios Ciudad C\u00f3rdoba y Mariano Ramos, a partir del 7 de septiembre se adicionar\u00e1n 7 nuevas paradas\u00a0 (4 en un sentido y 3 en el otro), sobre el tramo de la carrera 50 entre la Autopista Sim\u00f3n Bol\u00edvar y la Avenida Ciudad de Cali, que ser\u00e1n atendidas por la\u00a0 ruta P57 Los Mangos \u2013 Unidad Deportiva.<\/p>\n<p>De esta manera, se mejorar\u00e1 la cobertura del servicio del MIO en los sectores mencionados, conformando con la parada existente en este tramo, 4 pares de paradas que permitir\u00e1n que los usuarios\u00a0 tengan una mejor accesibilidad al MIO.<\/p>\n<p><b>Otros cambios en puntos de parada a partir del 7 de Septiembre:<\/b><\/p>\n<p>En el sector Ciudad Los \u00c1lamos de la Comuna 2: se adicionar\u00e1 por solicitud de la comunidad,\u00a0 una parada en la Avenida 2N entre las calles 70N y 67N, para atender la comunidad que habita en las unidades residenciales adyacentes,\u00a0 con el servicio de las rutas\u00a0 A23, P52C y E27.<\/p>\n<p>En el sector Calimio Decepaz de la Comuna 21: se adicionar\u00e1n por solicitud de la comunidad,\u00a0 dos paradas,\u00a0 una en cada sentido,\u00a0 en la Calle 121 entre las carreras 26M y 26M1, las cuales ser\u00e1n atendidas por las\u00a0 rutas T42 y A47 con el fin de mejorar la accesibilidad de la comunidad del sector.<\/p>\n<p>En el barrio Promociones Populares de la Comuna 14: por solicitud de la comunidad, se adicionar\u00e1 una parada\u00a0 en la Calle 97 entre carreras 26D y 26C1, la cual ser\u00e1 atendida por la\u00a0 ruta A44B.<\/p>\n<p>Fuente: Comunicaciones Alcald\u00eda<\/p>\n","protected":false},"excerpt":{"rendered":"<p>Con el objetivo de mejorar las condiciones de operaci\u00f3n del MIO y atendiendo las solicitudes de la comunidad, se har\u00e1n varios ajustes a los puntos de parada en algunas zonas de la ciudad, desde el 7 de septiembre. Uno de los ajustes se llevar\u00e1 a cabo en la\u00a0 parada doble[&#8230;]<\/p>\n","protected":false},"author":1,"featured_media":4967,"comment_status":"open","ping_status":"open","sticky":false,"template":"","format":"standard","meta":{"footnotes":""},"categories":[4],"tags":[],"_links":{"self":[{"href":"https:\/\/emisora.univalle.edu.co\/index.php\/wp-json\/wp\/v2\/posts\/6522"}],"collection":[{"href":"https:\/\/emisora.univalle.edu.co\/index.php\/wp-json\/wp\/v2\/posts"}],"about":[{"href":"https:\/\/emisora.univalle.edu.co\/index.php\/wp-json\/wp\/v2\/types\/post"}],"author":[{"embeddable":true,"href":"https:\/\/emisora.univalle.edu.co\/index.php\/wp-json\/wp\/v2\/users\/1"}],"replies":[{"embeddable":true,"href":"https:\/\/emisora.univalle.edu.co\/index.php\/wp-json\/wp\/v2\/comments?post=6522"}],"version-history":[{"count":1,"href":"https:\/\/emisora.univalle.edu.co\/index.php\/wp-json\/wp\/v2\/posts\/6522\/revisions"}],"predecessor-version":[{"id":6523,"href":"https:\/\/emisora.univalle.edu.co\/index.php\/wp-json\/wp\/v2\/posts\/6522\/revisions\/6523"}],"wp:featuredmedia":[{"embeddable":true,"href":"https:\/\/emisora.univalle.edu.co\/index.php\/wp-json\/wp\/v2\/media\/4967"}],"wp:attachment":[{"href":"https:\/\/emisora.univalle.edu.co\/index.php\/wp-json\/wp\/v2\/media?parent=6522"}],"wp:term":[{"taxonomy":"category","embeddable":true,"href":"https:\/\/emisora.univalle.edu.co\/index.php\/wp-json\/wp\/v2\/categories?post=6522"},{"taxonomy":"post_tag","embeddable":true,"href":"https:\/\/emisora.univalle.edu.co\/index.php\/wp-json\/wp\/v2\/tags?post=6522"}],"curies":[{"name":"wp","href":"https:\/\/api.w.org\/{rel}","templated":true}]}}