{"id":6526,"date":"2015-08-27T10:53:37","date_gmt":"2015-08-27T15:53:37","guid":{"rendered":"https:\/\/emisora.univalle.edu.co\/\/?p=6526"},"modified":"2015-08-27T10:53:37","modified_gmt":"2015-08-27T15:53:37","slug":"partir-del-primero-de-septiembre-cambia-el-pasaporte-actual-por-el-biometrico-con-chip","status":"publish","type":"post","link":"https:\/\/emisora.univalle.edu.co\/index.php\/partir-del-primero-de-septiembre-cambia-el-pasaporte-actual-por-el-biometrico-con-chip\/","title":{"rendered":"A partir del primero de septiembre cambia el Pasaporte actual por el Biom\u00e9trico con Chip"},"content":{"rendered":"<p><span style=\"line-height: 1.5em;\">Por disposici\u00f3n del Ministerio de Relaciones Exteriores, la Canciller\u00eda ha dispuesto aplicar nuevas tecnolog\u00edas en la\u00a0 consecuci\u00f3n de los pasaportes. El Secretario de Gobierno Departamental, Doctor Orlando Riascos Ocampo, ha considerado oportuno informar a la ciudadan\u00eda en general, sobre los tr\u00e1mites que conllevar\u00e1 la adquisici\u00f3n de este importante documento. \u00a0\u00a0<\/span><\/p>\n<p>Se le informa a la ciudadan\u00eda\u00a0 en general, que los pasaportes expedidos a mediados del a\u00f1o 2011, con C\u00f3digo de Barras y de Lectura Mec\u00e1nica, quedan vigentes y no hay necesidad de cambiarlos.<\/p>\n<p>As\u00ed mismo los usuarios que requieran hacer cambios por alg\u00fan error, en los datos de su pasaporte, solamente tienen plazo hasta el 28 de agosto del presente a\u00f1o, de lo contrario el usuario deber\u00e1 cancelar nuevamente.<\/p>\n<p>Debido al cambio del nuevo pasaporte Biom\u00e9trico, la atenci\u00f3n al p\u00fablico ser\u00e1 el d\u00eda treinta y uno (31) de agosto del a\u00f1o en curso, de 7:30 A.M,\u00a0 a\u00a0 10:30 A.M, reanud\u00e1ndose la atenci\u00f3n a los usuarios, el d\u00eda primero (01) de septiembre del a\u00f1o que transcurre, en los horarios habituales.<\/p>\n<p>\u201cEste ajuste temporal del calendario en la atenci\u00f3n, tramite y cancelaci\u00f3n del pasaporte, obedece a las disposiciones direccionadas por el Ministerio de Relaciones Exteriores, a trav\u00e9s de la Canciller\u00eda para ajustar las nuevas tecnolog\u00edas que se implementaran en el nuevo pasaporte, para comodidad y rapidez en la atenci\u00f3n al p\u00fablico\u201d, puntualiz\u00f3 el Secretario de Gobierno, Doctor Orlando Riascos, el funcionario recalco \u201cque se continua prestando el servicio del tr\u00e1mite del pasaporte, en los d\u00edas pares e impares, de acuerdo al \u00faltimo digito que coincida con la fecha del calendario\u201d.<\/p>\n<p>Fuente: Comunicaciones Gobernaci\u00f3n<\/p>\n","protected":false},"excerpt":{"rendered":"<p>Por disposici\u00f3n del Ministerio de Relaciones Exteriores, la Canciller\u00eda ha dispuesto aplicar nuevas tecnolog\u00edas en la\u00a0 consecuci\u00f3n de los pasaportes. El Secretario de Gobierno Departamental, Doctor Orlando Riascos Ocampo, ha considerado oportuno informar a la ciudadan\u00eda en general, sobre los tr\u00e1mites que conllevar\u00e1 la adquisici\u00f3n de este importante documento. \u00a0\u00a0[&#8230;]<\/p>\n","protected":false},"author":1,"featured_media":6527,"comment_status":"open","ping_status":"open","sticky":false,"template":"","format":"standard","meta":{"footnotes":""},"categories":[4],"tags":[],"_links":{"self":[{"href":"https:\/\/emisora.univalle.edu.co\/index.php\/wp-json\/wp\/v2\/posts\/6526"}],"collection":[{"href":"https:\/\/emisora.univalle.edu.co\/index.php\/wp-json\/wp\/v2\/posts"}],"about":[{"href":"https:\/\/emisora.univalle.edu.co\/index.php\/wp-json\/wp\/v2\/types\/post"}],"author":[{"embeddable":true,"href":"https:\/\/emisora.univalle.edu.co\/index.php\/wp-json\/wp\/v2\/users\/1"}],"replies":[{"embeddable":true,"href":"https:\/\/emisora.univalle.edu.co\/index.php\/wp-json\/wp\/v2\/comments?post=6526"}],"version-history":[{"count":1,"href":"https:\/\/emisora.univalle.edu.co\/index.php\/wp-json\/wp\/v2\/posts\/6526\/revisions"}],"predecessor-version":[{"id":6528,"href":"https:\/\/emisora.univalle.edu.co\/index.php\/wp-json\/wp\/v2\/posts\/6526\/revisions\/6528"}],"wp:featuredmedia":[{"embeddable":true,"href":"https:\/\/emisora.univalle.edu.co\/index.php\/wp-json\/wp\/v2\/media\/6527"}],"wp:attachment":[{"href":"https:\/\/emisora.univalle.edu.co\/index.php\/wp-json\/wp\/v2\/media?parent=6526"}],"wp:term":[{"taxonomy":"category","embeddable":true,"href":"https:\/\/emisora.univalle.edu.co\/index.php\/wp-json\/wp\/v2\/categories?post=6526"},{"taxonomy":"post_tag","embeddable":true,"href":"https:\/\/emisora.univalle.edu.co\/index.php\/wp-json\/wp\/v2\/tags?post=6526"}],"curies":[{"name":"wp","href":"https:\/\/api.w.org\/{rel}","templated":true}]}}