{"id":6541,"date":"2015-08-27T16:13:52","date_gmt":"2015-08-27T21:13:52","guid":{"rendered":"https:\/\/emisora.univalle.edu.co\/\/?p=6541"},"modified":"2015-08-27T16:13:52","modified_gmt":"2015-08-27T21:13:52","slug":"cali-y-su-liderazgo-deportivo-sera-la-sede-del-mundial-futsal","status":"publish","type":"post","link":"https:\/\/emisora.univalle.edu.co\/index.php\/cali-y-su-liderazgo-deportivo-sera-la-sede-del-mundial-futsal\/","title":{"rendered":"Cali y su liderazgo deportivo: ser\u00e1 la sede del Mundial Futsal"},"content":{"rendered":"<p><span style=\"line-height: 1.5em;\">Continuando con la larga tradici\u00f3n en eventos deportivos, Cali se prepara para ser la sede principal del Mundial Futsal que se realizar\u00e1 en Colombia en octubre del pr\u00f3ximo a\u00f1o.<\/span><\/p>\n<p><span style=\"line-height: 1.5em;\">El alcalde Rodrigo Guerrero Velasco recibi\u00f3 la delegaci\u00f3n de la Fifa, Coldeportes, la Dimayor que realizan la inspecci\u00f3n a las obras de adecuaci\u00f3n del Coliseo El Pueblo y que destacaron las fortalezas de la ciudad para ser anfitriona de un evento de esta magnitud, que se practica habitualmente en 150 pa\u00edses.<\/span><\/p>\n<p><span style=\"line-height: 1.5em;\">\u201cEstamos muy complacidos de que este campeonato se realice en nuestra ciudad. Ya la Fifa ha confirmado toda su aceptaci\u00f3n a nuestra ciudad y estamos trabajando en los requerimientos para que todo sea un \u00e9xito. Ya se nos ha confirmado el apoyo del Gobierno Nacional a trav\u00e9s de Coldeportes y este es un eslab\u00f3n m\u00e1s que muestra que Cali es sede predilecta para eventos de talla mundial\u201d, precis\u00f3 el mandatario Guerrero Velasco al t\u00e9rmino de la reuni\u00f3n.<\/span><\/p>\n<p><span style=\"line-height: 1.5em;\">Precis\u00f3 que hay implicaciones por ser la sede principal. \u201cPosiblemente tendremos el partido inicial, ser\u00e1 la sede del equipo colombiano, dos grupos de los seis que participan en el Mundial jugar\u00e1n en la capital del Valle del Cauca; se har\u00e1n entrenamientos previos y la final se jugar\u00e1 en nuestra ciudad\u201d, resalt\u00f3 el mandatario cale\u00f1o.<\/span><\/p>\n<p><span style=\"line-height: 1.5em;\">Perla \u00c1lvarez, representante de Coldeportes, confirm\u00f3 la cofinanciaci\u00f3n del evento, se\u00f1alando que se presupuesta una contrapartida de cerca de $6000 millones.<\/span><\/p>\n<p><span style=\"line-height: 1.5em;\">\u201cYa se hizo el ejercicio t\u00e9cnico frente a los requerimientos de la FIfa, para que el campeonato cumpla con los est\u00e1ndares internacionales que se requieren, por ello, la Alcald\u00eda debe formular un proyecto para obtener la cofinanciaci\u00f3n\u201d, precis\u00f3.<\/span><\/p>\n<p><span style=\"line-height: 1.5em;\">Por su parte, Jaime Yarza, jefe de eventos de la Fifa y responsable del Mundial de Futsal, indic\u00f3 que ratific\u00f3 que Cali es la sede principal en Colombia del campeonato, que tambi\u00e9n se jugar\u00e1 en Medell\u00edn, Bucaramanga e Ibagu\u00e9.<\/span><\/p>\n<p><span style=\"line-height: 1.5em;\">\u201cProbablemente aqu\u00ed se har\u00e1 el partido y la ceremonia inaugural porque Cali ha convencido con el proyecto. El Coliseo El Pueblo es acorde con nuestras necesidades. Adem\u00e1s Cali tiene la infraestructura deportiva y log\u00edstica para el Mundial\u201d, advirti\u00f3.<\/span><\/p>\n<p><span style=\"line-height: 1.5em;\">Finalmente, Rodrigo Toro, director del Mundial Futsal y representante de la Dimayor, destac\u00f3 la escogencia de Cali como sede principal.<\/span><\/p>\n<p><span style=\"line-height: 1.5em;\">\u201cCali siempre se luce con todos los eventos deportivos que organiza y sabemos que en este caso va a ser igual. Se est\u00e1 trabajando en las adecuaciones exigidas al Coliseo El Pueblo\u00a0 sobre todo en lo referente a circulaci\u00f3n, salas VIP y salas de prensa. La infraestructura hotelera de Cali es demasiado buena, as\u00ed que Cali est\u00e1 sobrada para este tipo de eventos\u201d concluy\u00f3 el dirigente deportivo.<\/span><\/p>\n<p>Fuente: Comunicaciones Alcald\u00eda<\/p>\n","protected":false},"excerpt":{"rendered":"<p>Continuando con la larga tradici\u00f3n en eventos deportivos, Cali se prepara para ser la sede principal del Mundial Futsal que se realizar\u00e1 en Colombia en octubre del pr\u00f3ximo a\u00f1o. El alcalde Rodrigo Guerrero Velasco recibi\u00f3 la delegaci\u00f3n de la Fifa, Coldeportes, la Dimayor que realizan la inspecci\u00f3n a las obras[&#8230;]<\/p>\n","protected":false},"author":1,"featured_media":6539,"comment_status":"open","ping_status":"open","sticky":false,"template":"","format":"standard","meta":{"footnotes":""},"categories":[4],"tags":[],"_links":{"self":[{"href":"https:\/\/emisora.univalle.edu.co\/index.php\/wp-json\/wp\/v2\/posts\/6541"}],"collection":[{"href":"https:\/\/emisora.univalle.edu.co\/index.php\/wp-json\/wp\/v2\/posts"}],"about":[{"href":"https:\/\/emisora.univalle.edu.co\/index.php\/wp-json\/wp\/v2\/types\/post"}],"author":[{"embeddable":true,"href":"https:\/\/emisora.univalle.edu.co\/index.php\/wp-json\/wp\/v2\/users\/1"}],"replies":[{"embeddable":true,"href":"https:\/\/emisora.univalle.edu.co\/index.php\/wp-json\/wp\/v2\/comments?post=6541"}],"version-history":[{"count":1,"href":"https:\/\/emisora.univalle.edu.co\/index.php\/wp-json\/wp\/v2\/posts\/6541\/revisions"}],"predecessor-version":[{"id":6542,"href":"https:\/\/emisora.univalle.edu.co\/index.php\/wp-json\/wp\/v2\/posts\/6541\/revisions\/6542"}],"wp:featuredmedia":[{"embeddable":true,"href":"https:\/\/emisora.univalle.edu.co\/index.php\/wp-json\/wp\/v2\/media\/6539"}],"wp:attachment":[{"href":"https:\/\/emisora.univalle.edu.co\/index.php\/wp-json\/wp\/v2\/media?parent=6541"}],"wp:term":[{"taxonomy":"category","embeddable":true,"href":"https:\/\/emisora.univalle.edu.co\/index.php\/wp-json\/wp\/v2\/categories?post=6541"},{"taxonomy":"post_tag","embeddable":true,"href":"https:\/\/emisora.univalle.edu.co\/index.php\/wp-json\/wp\/v2\/tags?post=6541"}],"curies":[{"name":"wp","href":"https:\/\/api.w.org\/{rel}","templated":true}]}}