{"id":6564,"date":"2015-08-28T14:34:36","date_gmt":"2015-08-28T19:34:36","guid":{"rendered":"https:\/\/emisora.univalle.edu.co\/\/?p=6564"},"modified":"2015-08-28T14:34:36","modified_gmt":"2015-08-28T19:34:36","slug":"direccion-de-planeacion-del-valle-realizo-jornada-de-empalme-con-representantes-de-los-municipios-vallecaucanos","status":"publish","type":"post","link":"https:\/\/emisora.univalle.edu.co\/index.php\/direccion-de-planeacion-del-valle-realizo-jornada-de-empalme-con-representantes-de-los-municipios-vallecaucanos\/","title":{"rendered":"Direcci\u00f3n de Planeaci\u00f3n del Valle realiz\u00f3 jornada de empalme con representantes de los municipios vallecaucanos"},"content":{"rendered":"<p><span style=\"line-height: 1.5em;\">La direcci\u00f3n de Planeaci\u00f3n Departamental llevo a cabo con en instalaciones de Comfenalco una jornada de empalme con los representantes de los diferentes municipios vallecaucanos, para darle continuidad a los proyectos y programas que actualmente se vienen implementando en el Valle del Cauca.<\/span><\/p>\n<p>El Subdirector de Planeaci\u00f3n Departamental Carlos Humberto Arias Berm\u00fadez manifest\u00f3 que es importante que los programas de gobierno que traen las nuevas administraciones est\u00e9n a tono con lo que ya se est\u00e1 haciendo para que el desarrollo en el Valle sea integral y acorde a las necesidades m\u00e1s apremiantes.<\/p>\n<p>\u201cTodos los procesos de desarrollo en Colombia determinan iniciativas que van en continuidad, as\u00ed se hace el desarrollo local, esta es una metodolog\u00eda de Planeaci\u00f3n Nacional y a partir de est\u00e1 toda la informaci\u00f3n que preparan los municipios es tomada por los nuevos gobernantes que al llegar deber\u00e1n hacer una relaci\u00f3n de continuidad de proyectos, ejecuci\u00f3n y sobre todo del desarrollo territorial\u201d, expres\u00f3 Arias Berm\u00fadez.<\/p>\n<p>En la jornada tambi\u00e9n se evalu\u00f3 el cumplimiento de las metas y el alcance de las mismas de los diferentes entes territoriales en concordancia con el Plan de Desarrollo Vallecaucanos Hag\u00e1moslo Bien 2012 2105.<\/p>\n<p>El Alcalde de Riofr\u00edo, Robert Vel\u00e1squez, dijo que gracias al esfuerzo del municipio pero tambi\u00e9n al apoyo de la Gobernaci\u00f3n han logrado cumplir en un 80% las metas trazadas inicialmente.<\/p>\n<p>\u201cIndica que estamos cumpliendo con lo pactado en el Plan de Desarrollo tanto departamental como municipal demostrando que lo estamos haciendo Bien Hecho\u201d, declar\u00f3 el burgomaestre.<\/p>\n<p>El gobierno departamental hace este ejercicio de empalme para que para a partir del periodo 2016 se le pueda seguir generando desarrollo al Valle del Cauca como ha sido hasta el momento<\/p>\n<p>Fuente: Comunicaciones Gobernaci\u00f3n<\/p>\n","protected":false},"excerpt":{"rendered":"<p>La direcci\u00f3n de Planeaci\u00f3n Departamental llevo a cabo con en instalaciones de Comfenalco una jornada de empalme con los representantes de los diferentes municipios vallecaucanos, para darle continuidad a los proyectos y programas que actualmente se vienen implementando en el Valle del Cauca. El Subdirector de Planeaci\u00f3n Departamental Carlos Humberto[&#8230;]<\/p>\n","protected":false},"author":1,"featured_media":6550,"comment_status":"open","ping_status":"open","sticky":false,"template":"","format":"standard","meta":{"footnotes":""},"categories":[4],"tags":[],"_links":{"self":[{"href":"https:\/\/emisora.univalle.edu.co\/index.php\/wp-json\/wp\/v2\/posts\/6564"}],"collection":[{"href":"https:\/\/emisora.univalle.edu.co\/index.php\/wp-json\/wp\/v2\/posts"}],"about":[{"href":"https:\/\/emisora.univalle.edu.co\/index.php\/wp-json\/wp\/v2\/types\/post"}],"author":[{"embeddable":true,"href":"https:\/\/emisora.univalle.edu.co\/index.php\/wp-json\/wp\/v2\/users\/1"}],"replies":[{"embeddable":true,"href":"https:\/\/emisora.univalle.edu.co\/index.php\/wp-json\/wp\/v2\/comments?post=6564"}],"version-history":[{"count":1,"href":"https:\/\/emisora.univalle.edu.co\/index.php\/wp-json\/wp\/v2\/posts\/6564\/revisions"}],"predecessor-version":[{"id":6565,"href":"https:\/\/emisora.univalle.edu.co\/index.php\/wp-json\/wp\/v2\/posts\/6564\/revisions\/6565"}],"wp:featuredmedia":[{"embeddable":true,"href":"https:\/\/emisora.univalle.edu.co\/index.php\/wp-json\/wp\/v2\/media\/6550"}],"wp:attachment":[{"href":"https:\/\/emisora.univalle.edu.co\/index.php\/wp-json\/wp\/v2\/media?parent=6564"}],"wp:term":[{"taxonomy":"category","embeddable":true,"href":"https:\/\/emisora.univalle.edu.co\/index.php\/wp-json\/wp\/v2\/categories?post=6564"},{"taxonomy":"post_tag","embeddable":true,"href":"https:\/\/emisora.univalle.edu.co\/index.php\/wp-json\/wp\/v2\/tags?post=6564"}],"curies":[{"name":"wp","href":"https:\/\/api.w.org\/{rel}","templated":true}]}}