{"id":6577,"date":"2015-08-30T08:06:36","date_gmt":"2015-08-30T13:06:36","guid":{"rendered":"https:\/\/emisora.univalle.edu.co\/\/?p=6577"},"modified":"2015-08-28T15:08:03","modified_gmt":"2015-08-28T20:08:03","slug":"inscripciones-al-taller-en-danza-clasica","status":"publish","type":"post","link":"https:\/\/emisora.univalle.edu.co\/index.php\/inscripciones-al-taller-en-danza-clasica\/","title":{"rendered":"Inscripciones al taller en Danza Cl\u00e1sica"},"content":{"rendered":"<p>Est\u00e1n abiertas las inscripciones para el \u201cTaller Preparatorio en Danza Cl\u00e1sica y Contempor\u00e1nea\u201d que dictar\u00e1 el Departamento de Artes Esc\u00e9nicas de la Universidad del Valle, del 7 de septiembre al 16 de octubre de 2015.<\/p>\n<p>El Taller Preparatorio en Danza Cl\u00e1sica y Contempor\u00e1nea tiene un componente te\u00f3rico &#8211; pr\u00e1ctico: donde los alumnos podr\u00e1n ejercitarse en los principios b\u00e1sicos de la danza cl\u00e1sica, y en algunas de las t\u00e9cnicas de la danza contempor\u00e1nea; igualmente entrar\u00e1n en contacto con los conceptos hist\u00f3ricos y est\u00e9ticos para apreciar el arte danc\u00edstico.<\/p>\n<p>El Taller obedece a un proceso exploratorio del medio danzario cale\u00f1o o regional, y al deseo de hacer accesibles la danza profesional o teatral a personas de vocaci\u00f3n tard\u00eda, con talento y conciencia corporal. Por eso, no es requisito para este Taller contar con estudios formales en ballet o danza moderna, basta con que el aspirante haya practicado la danza en cualquiera de sus modalidades, o tenga experiencia en entrenamiento, expresi\u00f3n corporal o bailes urbanos.<\/p>\n<p>Informes: Departamento de Artes Esc\u00e9nicas \u2013 Facultad de Artes Integradas<\/p>\n<p>Tel\u00e9fono 3212302- 3212300<\/p>\n<p>fai.danzaclasica@correounivalle.edu.co<\/p>\n<p><a href=\"http:\/\/escenicas.univalle.edu.co\/\">http:\/\/escenicas.univalle.edu.co<\/a><\/p>\n<p>Fuente: Agencia de Noticias Univalle<\/p>\n","protected":false},"excerpt":{"rendered":"<p>Est\u00e1n abiertas las inscripciones para el \u201cTaller Preparatorio en Danza Cl\u00e1sica y Contempor\u00e1nea\u201d que dictar\u00e1 el Departamento de Artes Esc\u00e9nicas de la Universidad del Valle, del 7 de septiembre al 16 de octubre de 2015. El Taller Preparatorio en Danza Cl\u00e1sica y Contempor\u00e1nea tiene un componente te\u00f3rico &#8211; pr\u00e1ctico: donde[&#8230;]<\/p>\n","protected":false},"author":1,"featured_media":6549,"comment_status":"open","ping_status":"open","sticky":false,"template":"","format":"standard","meta":{"footnotes":""},"categories":[4],"tags":[],"_links":{"self":[{"href":"https:\/\/emisora.univalle.edu.co\/index.php\/wp-json\/wp\/v2\/posts\/6577"}],"collection":[{"href":"https:\/\/emisora.univalle.edu.co\/index.php\/wp-json\/wp\/v2\/posts"}],"about":[{"href":"https:\/\/emisora.univalle.edu.co\/index.php\/wp-json\/wp\/v2\/types\/post"}],"author":[{"embeddable":true,"href":"https:\/\/emisora.univalle.edu.co\/index.php\/wp-json\/wp\/v2\/users\/1"}],"replies":[{"embeddable":true,"href":"https:\/\/emisora.univalle.edu.co\/index.php\/wp-json\/wp\/v2\/comments?post=6577"}],"version-history":[{"count":1,"href":"https:\/\/emisora.univalle.edu.co\/index.php\/wp-json\/wp\/v2\/posts\/6577\/revisions"}],"predecessor-version":[{"id":6578,"href":"https:\/\/emisora.univalle.edu.co\/index.php\/wp-json\/wp\/v2\/posts\/6577\/revisions\/6578"}],"wp:featuredmedia":[{"embeddable":true,"href":"https:\/\/emisora.univalle.edu.co\/index.php\/wp-json\/wp\/v2\/media\/6549"}],"wp:attachment":[{"href":"https:\/\/emisora.univalle.edu.co\/index.php\/wp-json\/wp\/v2\/media?parent=6577"}],"wp:term":[{"taxonomy":"category","embeddable":true,"href":"https:\/\/emisora.univalle.edu.co\/index.php\/wp-json\/wp\/v2\/categories?post=6577"},{"taxonomy":"post_tag","embeddable":true,"href":"https:\/\/emisora.univalle.edu.co\/index.php\/wp-json\/wp\/v2\/tags?post=6577"}],"curies":[{"name":"wp","href":"https:\/\/api.w.org\/{rel}","templated":true}]}}