{"id":6583,"date":"2015-08-28T15:13:06","date_gmt":"2015-08-28T20:13:06","guid":{"rendered":"https:\/\/emisora.univalle.edu.co\/\/?p=6583"},"modified":"2015-08-28T15:13:06","modified_gmt":"2015-08-28T20:13:06","slug":"ganadores-de-premio-nacional-de-ciencias-y-solidaridad","status":"publish","type":"post","link":"https:\/\/emisora.univalle.edu.co\/index.php\/ganadores-de-premio-nacional-de-ciencias-y-solidaridad\/","title":{"rendered":"Ganadores de Premio Nacional de Ciencias y Solidaridad"},"content":{"rendered":"<p><span style=\"line-height: 1.5em;\">Los egresados del Programa Acad\u00e9mico de Comunicaci\u00f3n Social y Periodismo de la Universidad del Valle Manuel Sevilla y Carlos Eduardo Cata\u00f1o Arango ganaron el Premio Nacional de Ciencias y Solidaridad que ofrece la Fundaci\u00f3n Alejandro \u00c1ngel Escobar, de apoyo a la investigaci\u00f3n.<\/span><\/p>\n<p>Sevilla y Cata\u00f1o ganaron en la categor\u00eda Ciencias Sociales y Humanas por su trabajo \u201cTraves\u00edas por la tierra del olvido: modernidad y colombianidad en la m\u00fasica de Carlos Vives y La Provincia\u201d, libro producto de una investigaci\u00f3n hist\u00f3rica, que desde la sociolog\u00eda, la musicolog\u00eda y la comunicaci\u00f3n\u00a0 aborda\u00a0 la\u00a0 obra\u00a0 musical\u00a0 de\u00a0 Carlos\u00a0 Vives\u00a0 y\u00a0 La\u00a0 Provincia en los\u00a0 ocho\u00a0 \u00e1lbumes producidos por la agrupaci\u00f3n entre 1993 y 2013.<\/p>\n<p>La hip\u00f3tesis \u201ces que el coraz\u00f3n de toda esta obra es un mundo imaginario de enorme fuerza simb\u00f3lica\u00a0 llamado\u00a0 La\u00a0 Tierra\u00a0 del\u00a0 Olvido.\u00a0 Se\u00a0 trata\u00a0 de\u00a0 un\u00a0 complejo\u00a0 po\u00e9tico,\u00a0 una\u00a0 idea\u00a0 ut\u00f3pica,\u00a0 un mitopaisaje\u00a0 con\u00a0 coordenadas\u00a0 y\u00a0 tiempos\u00a0 imposibles que\u00a0 se\u00a0 esboz\u00f3\u00a0 en\u00a0 el\u00a0 segundo\u00a0 disco\u00a0 de\u00a0 la agrupaci\u00f3n y se consolid\u00f3 \u00e1lbum tras \u00e1lbum&#8230;\u201d<\/p>\n<p>Seg\u00fan el Jurado del Premio, los resultados de este trabajo \u201cproyectan una nueva luz para la compresi\u00f3n de un fen\u00f3meno de masas y lo contextualiza en la tradici\u00f3n y en el momento presente de la sociedad de nuestro pa\u00eds, para situarlo como referente de una reconfiguraci\u00f3n de nuestra identidad cultural.\u201d<\/p>\n<p>Adem\u00e1s,\u00a0 el libro\u00a0 cuenta\u00a0 con\u00a0 una aplicaci\u00f3n\u00a0 para\u00a0 celulares\u00a0 y\u00a0 tabletas que\u00a0 permite\u00a0 consultar\u00a0 los ejemplos de audio y video.<\/p>\n<p>Manuel Sevilla es comunicador social y periodista de la Universidad del Valle,\u00a0 MA y doctor (Ph.D.) en antropolog\u00eda de la Universidad de Toronto, Canad\u00e1 y Profesor asociado y Director del Departamento de Humanidades de la Pontificia Universidad Javeriana Cali.<\/p>\n<p>Ha trabajado con m\u00fasicos inmigrantes de la costa Caribe y Nari\u00f1o, y con m\u00fasicos de la regi\u00f3n del norte del Cauca y sur del Valle. Becario del Banco de la Rep\u00fablica, el Ministerio de Cultura de Colombia, y el Gobierno Canadiense. Profesor visitante en Seattle University (E.U.) y The University of British Columbia (Canad\u00e1). Consultor del Ministerio de Cultura y coordinador del programa especial M\u00fasicas del R\u00edo de la Universidad Javeriana Cali. Director del grupo musical MartinaPombo que recopila m\u00fasicas tradicionales del suroccidente colombiano.<\/p>\n<p>Carlos Eduardo Cata\u00f1o Arango es comunicador social y periodista de la Universidad del Valle, con un Master en Comunicaci\u00f3n de Universidad de Puerto Rico. Es estudiante del Doctorado en Comunicaci\u00f3n de Universidad Nacional de La Plata, Argentina<\/p>\n<p>Desde 1955, la Fundaci\u00f3n Alejandro \u00c1ngel Escobar ha premiado a 116 instituciones que trabajan en beneficio de la comunidad, as\u00ed como a 118 investigaciones en todas las \u00e1reas de las ciencias. La ceremonia de premiaci\u00f3n ser\u00e1 el pr\u00f3ximo 30 de septiembre en Medell\u00edn, organizada con el apoyo de su socio y aliado Eafit.<\/p>\n<p>Foto: Universidad Javeriana Cali. De izquierda a derecha: Carlos Vives, Carlos Eduardo Cata\u00f1o y Manuel Sevilla.<\/p>\n<p>Fuente: Agencia de Noticias Univalle<\/p>\n","protected":false},"excerpt":{"rendered":"<p>Los egresados del Programa Acad\u00e9mico de Comunicaci\u00f3n Social y Periodismo de la Universidad del Valle Manuel Sevilla y Carlos Eduardo Cata\u00f1o Arango ganaron el Premio Nacional de Ciencias y Solidaridad que ofrece la Fundaci\u00f3n Alejandro \u00c1ngel Escobar, de apoyo a la investigaci\u00f3n. Sevilla y Cata\u00f1o ganaron en la categor\u00eda Ciencias[&#8230;]<\/p>\n","protected":false},"author":1,"featured_media":6584,"comment_status":"open","ping_status":"open","sticky":false,"template":"","format":"standard","meta":{"footnotes":""},"categories":[4],"tags":[],"_links":{"self":[{"href":"https:\/\/emisora.univalle.edu.co\/index.php\/wp-json\/wp\/v2\/posts\/6583"}],"collection":[{"href":"https:\/\/emisora.univalle.edu.co\/index.php\/wp-json\/wp\/v2\/posts"}],"about":[{"href":"https:\/\/emisora.univalle.edu.co\/index.php\/wp-json\/wp\/v2\/types\/post"}],"author":[{"embeddable":true,"href":"https:\/\/emisora.univalle.edu.co\/index.php\/wp-json\/wp\/v2\/users\/1"}],"replies":[{"embeddable":true,"href":"https:\/\/emisora.univalle.edu.co\/index.php\/wp-json\/wp\/v2\/comments?post=6583"}],"version-history":[{"count":1,"href":"https:\/\/emisora.univalle.edu.co\/index.php\/wp-json\/wp\/v2\/posts\/6583\/revisions"}],"predecessor-version":[{"id":6585,"href":"https:\/\/emisora.univalle.edu.co\/index.php\/wp-json\/wp\/v2\/posts\/6583\/revisions\/6585"}],"wp:featuredmedia":[{"embeddable":true,"href":"https:\/\/emisora.univalle.edu.co\/index.php\/wp-json\/wp\/v2\/media\/6584"}],"wp:attachment":[{"href":"https:\/\/emisora.univalle.edu.co\/index.php\/wp-json\/wp\/v2\/media?parent=6583"}],"wp:term":[{"taxonomy":"category","embeddable":true,"href":"https:\/\/emisora.univalle.edu.co\/index.php\/wp-json\/wp\/v2\/categories?post=6583"},{"taxonomy":"post_tag","embeddable":true,"href":"https:\/\/emisora.univalle.edu.co\/index.php\/wp-json\/wp\/v2\/tags?post=6583"}],"curies":[{"name":"wp","href":"https:\/\/api.w.org\/{rel}","templated":true}]}}