{"id":6586,"date":"2015-08-28T15:14:42","date_gmt":"2015-08-28T20:14:42","guid":{"rendered":"https:\/\/emisora.univalle.edu.co\/\/?p=6586"},"modified":"2015-08-28T15:14:42","modified_gmt":"2015-08-28T20:14:42","slug":"este-29-de-agosto-dia-central-del-mes-de-la-vacunacion","status":"publish","type":"post","link":"https:\/\/emisora.univalle.edu.co\/index.php\/este-29-de-agosto-dia-central-del-mes-de-la-vacunacion\/","title":{"rendered":"Este 29 de agosto d\u00eda central del Mes de la Vacunaci\u00f3n"},"content":{"rendered":"<p><span style=\"line-height: 1.5em;\">El gobierno del Valle a trav\u00e9s de la Secretar\u00eda de Salud del Departamento invita a la comunidad en general a prevenir enfermedades aprovechando este\u00a0 mes de la Vacunaci\u00f3n que tiene como d\u00eda central el 29 de agosto.<\/span><\/p>\n<p>La subsecretaria de Salud del Valle, Maria Cristina Lesmes indic\u00f3 que esa una campa\u00f1a que \u201cnos permite ponernos al d\u00eda donde todos los padres de familia deben recordar que es el momento de vacunarse contra el\u00a0 neumococo, el Polio, la Difteria, la Tosferina y el T\u00e9tanos, el rotavirus la\u00a0 tuberculosis, la Hepatitis A y B, la Fiebre Amarilla, el sarampi\u00f3n, la rubeola, las paperas,\u00a0 y la varicela; igualmente contra la influenza y el c\u00e1ncer de cuello uterino\u201d.<\/p>\n<p>Mar\u00eda Cristina Lesmes se\u00f1al\u00f3 que una de las vacunas m\u00e1s importantes para mujeres j\u00f3venes es precisamente\u00a0 la del papiloma humano. \u201cEsta es una vacuna muy interrogada que est\u00e1 sembrada de dudas, con muchos esc\u00e1ndalos,\u00a0 pero al final es una vacuna muy conveniente que evita el c\u00e1ncer de cuello uterino\u201d, puntualiz\u00f3 la Subsecretaria.<\/p>\n<p>\u201cSi nosotros logr\u00e1ramos que nuestras adolescentes\u00a0 se vacunaran contra el papiloma humano, en 20 a\u00f1os no tendr\u00edamos mujeres con este virus y disminuir\u00edamos el \u00edndice de mortalidad\u201d, afirm\u00f3 la funcionaria. Esta jornada de vacunaci\u00f3n es completamente gratuita y se lleva a cabo en los centros de salud de los 42 municipios del Valle del Cauca.<\/p>\n<p><b>La vacunaci\u00f3n en Cali<\/b><\/p>\n<p>La Alcald\u00eda de Santiago de Cali y la Secretar\u00eda de Salud P\u00fablica Municipal celebra durante este mes de agosto la Tercera Jornada Nacional de Vacunaci\u00f3n \u2018D\u00eda de ponerse al d\u00eda\u2019, con el prop\u00f3sito de iniciar, continuar y completar los esquemas en la poblaci\u00f3n susceptible de morbimortalidad por enfermedades prevenibles mediante la inmunizaci\u00f3n.<\/p>\n<p>Esta gran fiesta por la vida, que da estricto cumplimiento a los lineamientos dictados desde el Ministerio de Salud y Protecci\u00f3n Social, contar\u00e1 con una gran movilizaci\u00f3n de jornada este s\u00e1bado 29 de agosto, en horario extendido de 8:00 a.m. a 4:00 p.m.<\/p>\n<p>Para esta jornada est\u00e1n previstos los 153 puestos de vacunaci\u00f3n autorizados del municipio, en los que se vacunar\u00e1n sin barreras con todos los biol\u00f3gicos del PAI, buscando alcanzar coberturas \u00fatiles por encima del 95 %.<\/p>\n<p>La meta para el municipio de Cali en esta jornada es:<\/p>\n<p>\u2022\u00a0\u00a0\u00a0\u00a0\u00a0\u00a0\u00a0\u00a0 Vacunar a todos los ni\u00f1os menores de 6 a\u00f1os con todos los biol\u00f3gicos del esquema PAI<\/p>\n<p>\u2022\u00a0\u00a0\u00a0\u00a0\u00a0\u00a0\u00a0\u00a0 Vacunar a todos los reci\u00e9n nacidos antes del egreso hospitalario, contra la tuberculosis (BCG) y hepatitis B.<\/p>\n<p>\u2022\u00a0\u00a0\u00a0\u00a0\u00a0\u00a0\u00a0\u00a0 Vacunar al total de la poblaci\u00f3n infantil entre 6 y 23 meses con influenza.<\/p>\n<p>\u2022\u00a0\u00a0\u00a0\u00a0\u00a0\u00a0\u00a0\u00a0 Vacunar a todas las gestantes a partir de la semana 26, con Tdap acelular (difteria, t\u00e9tanos, tos ferina).<\/p>\n<p>\u2022\u00a0\u00a0\u00a0\u00a0\u00a0\u00a0\u00a0\u00a0 Vacunar a todas las gestantes a partir de la semana 14, con influenza.<\/p>\n<p>\u2022\u00a0\u00a0\u00a0\u00a0\u00a0\u00a0\u00a0\u00a0 Vacunar a toda mujer gestante y en edad f\u00e9rtil (10 a 49 a\u00f1os) contra la difteria y el t\u00e9tano.<\/p>\n<p>\u2022\u00a0\u00a0\u00a0\u00a0\u00a0\u00a0\u00a0\u00a0 Vacunar con fiebre amarilla a toda persona\u00a0 de 1 a 49 a\u00f1os de edad, que no tenga antecedente vacunal.<\/p>\n<p>\u2022\u00a0\u00a0\u00a0\u00a0\u00a0\u00a0\u00a0\u00a0 Vacunar al total de la poblaci\u00f3n de 50 a\u00f1os y m\u00e1s con\u00a0 influenza.<\/p>\n<p>\u2022\u00a0\u00a0\u00a0\u00a0\u00a0\u00a0\u00a0\u00a0 Vacunar a los menores de 6 a\u00f1os con polio inyectable \u2013 VIP-.<\/p>\n<p>\u2022\u00a0\u00a0\u00a0\u00a0\u00a0\u00a0\u00a0\u00a0 Vacunar a los ni\u00f1os de 2, 3 y 4 a\u00f1os de edad con triple viral (rubeola, sarampi\u00f3n y Paperas)<\/p>\n<p>\u2022\u00a0\u00a0\u00a0\u00a0\u00a0\u00a0\u00a0\u00a0 Vacunar con varicela a todo ni\u00f1o de 1 a\u00f1o de edad, nacido\u00a0 partir del 1 de julio de 2014.<\/p>\n<p>Es importante recordar que los Centros de Desarrollo Infantil \u2013CDI- ancianatos y unidades renales del municipio, deben verificar que su poblaci\u00f3n se encuentre debidamente vacunada con influenza estacional, ya que solo hasta el 29 de agosto, d\u00eda de la gran movilizaci\u00f3n de jornada, se vencer\u00e1 el plazo para acceder a esta vacuna.<\/p>\n<p>Esta es la \u00faltima oportunidad que tiene la poblaci\u00f3n de vacunarse con influenza; de no ser aplicadas las dosis existentes antes de finalizar el mes en curso,\u00a0 la vacuna ser\u00e1 enviada a los departamentos que la est\u00e1n requiriendo.<\/p>\n<p>El evento inaugural se llevar\u00e1 a cabo en el Hospital Carlos Carmona Montoya de la Red de Salud Sur Oriente, el s\u00e1bado 29 a partir de las 9:30 de la ma\u00f1ana, con varias sorpresas para los ni\u00f1os y sus acudientes.<\/p>\n<p>El acto contar\u00e1 con la\u00a0 presencia del secretario de Salud, Harold Alberto Su\u00e1rez Calle, y la gerente de la ESE, Alexandra C\u00f3rdoba Espinal.<\/p>\n<p>Fuente Comunicaciones Gobernaci\u00f3n y Alcald\u00eda<\/p>\n","protected":false},"excerpt":{"rendered":"<p>El gobierno del Valle a trav\u00e9s de la Secretar\u00eda de Salud del Departamento invita a la comunidad en general a prevenir enfermedades aprovechando este\u00a0 mes de la Vacunaci\u00f3n que tiene como d\u00eda central el 29 de agosto. La subsecretaria de Salud del Valle, Maria Cristina Lesmes indic\u00f3 que esa una[&#8230;]<\/p>\n","protected":false},"author":1,"featured_media":6559,"comment_status":"open","ping_status":"open","sticky":false,"template":"","format":"standard","meta":{"footnotes":""},"categories":[4],"tags":[],"_links":{"self":[{"href":"https:\/\/emisora.univalle.edu.co\/index.php\/wp-json\/wp\/v2\/posts\/6586"}],"collection":[{"href":"https:\/\/emisora.univalle.edu.co\/index.php\/wp-json\/wp\/v2\/posts"}],"about":[{"href":"https:\/\/emisora.univalle.edu.co\/index.php\/wp-json\/wp\/v2\/types\/post"}],"author":[{"embeddable":true,"href":"https:\/\/emisora.univalle.edu.co\/index.php\/wp-json\/wp\/v2\/users\/1"}],"replies":[{"embeddable":true,"href":"https:\/\/emisora.univalle.edu.co\/index.php\/wp-json\/wp\/v2\/comments?post=6586"}],"version-history":[{"count":1,"href":"https:\/\/emisora.univalle.edu.co\/index.php\/wp-json\/wp\/v2\/posts\/6586\/revisions"}],"predecessor-version":[{"id":6587,"href":"https:\/\/emisora.univalle.edu.co\/index.php\/wp-json\/wp\/v2\/posts\/6586\/revisions\/6587"}],"wp:featuredmedia":[{"embeddable":true,"href":"https:\/\/emisora.univalle.edu.co\/index.php\/wp-json\/wp\/v2\/media\/6559"}],"wp:attachment":[{"href":"https:\/\/emisora.univalle.edu.co\/index.php\/wp-json\/wp\/v2\/media?parent=6586"}],"wp:term":[{"taxonomy":"category","embeddable":true,"href":"https:\/\/emisora.univalle.edu.co\/index.php\/wp-json\/wp\/v2\/categories?post=6586"},{"taxonomy":"post_tag","embeddable":true,"href":"https:\/\/emisora.univalle.edu.co\/index.php\/wp-json\/wp\/v2\/tags?post=6586"}],"curies":[{"name":"wp","href":"https:\/\/api.w.org\/{rel}","templated":true}]}}