{"id":6596,"date":"2015-08-30T08:00:54","date_gmt":"2015-08-30T13:00:54","guid":{"rendered":"https:\/\/emisora.univalle.edu.co\/\/?p=6596"},"modified":"2015-08-28T15:20:46","modified_gmt":"2015-08-28T20:20:46","slug":"bellas-artes-abre-talleres-artisticos-para-personas-en-situacion-de-discapacidad","status":"publish","type":"post","link":"https:\/\/emisora.univalle.edu.co\/index.php\/bellas-artes-abre-talleres-artisticos-para-personas-en-situacion-de-discapacidad\/","title":{"rendered":"Bellas Artes abre talleres art\u00edsticos para personas en situaci\u00f3n de discapacidad"},"content":{"rendered":"<p><span style=\"line-height: 1.5em;\">Con el prop\u00f3sito de que las personas en situaci\u00f3n de discapacidad desarrollen y mejoren su potencial creativo, Bellas Artes abre la oferta de talleres en artes dirigidos a esta poblaci\u00f3n, los cuales hacen parte del programa de extensi\u00f3n que brinda la entidad enmarcados dentro del \u201cProyecto de arte inclusivo para personas en situaci\u00f3n de discapacidad Bellas Artes 2015\u201d.<\/span><\/p>\n<p>A trav\u00e9s del desarrollo de programas y metodolog\u00edas adaptadas a las necesidades de los participantes, Bellas Artes proyecta la asignaci\u00f3n de 60 cupos para ni\u00f1os, j\u00f3venes y adultos en situaci\u00f3n de discapacidad, donde a trav\u00e9s de los talleres, los alumnos podr\u00e1n liberar tensiones, desarrollar su psicomotricidad fina, fortalecer la estimulaci\u00f3n sensorial y cognitiva, adem\u00e1s de su confianza y seguridad en s\u00ed mismos. La vicerrectora acad\u00e9mica y de investigaciones de la entidad, Dora In\u00e9s Restrepo Pati\u00f1o, indic\u00f3 que la implementaci\u00f3n de los talleres tiene como objetivo la proporci\u00f3n de espacios que contribuyan al desarrollo y avance en el proceso de inclusi\u00f3n social y la participaci\u00f3n plena de las personas con discapacidad en el contexto sociocultural de la ciudad de Cali.<\/p>\n<p>La oferta de talleres que ofrece Bellas Artes para este trimestre, comprende 4 tem\u00e1ticas diferenciadas as\u00ed:<\/p>\n<p>&#8211;\u00a0\u00a0\u00a0\u00a0\u00a0\u00a0 Taller de Actuaci\u00f3n para j\u00f3venes y adultos entre los 15 y 25 a\u00f1os con discapacidad visual (Invidentes \/baja visi\u00f3n). Su objetivo consiste en desarrollar procesos de ense\u00f1anza-aprendizaje del ejercicio actoral y sus conceptos b\u00e1sicos a trav\u00e9s de metodolog\u00edas adaptadas.<\/p>\n<p>&#8211;\u00a0\u00a0\u00a0\u00a0\u00a0\u00a0 Taller de Artes integradas para ni\u00f1os y ni\u00f1as entre los 7 y los 10 a\u00f1os con discapacidad cognitiva leve\/ moderada, mental, f\u00edsica y sensorial. Su objetivo, promover el desarrollo de habilidades art\u00edsticas en ni\u00f1os y ni\u00f1as en situaci\u00f3n de discapacidad en edad temprana.<\/p>\n<p>&#8211;\u00a0\u00a0\u00a0\u00a0\u00a0\u00a0 Taller de iniciaci\u00f3n musical para ni\u00f1os y j\u00f3venes entre los 12 y los 24 a\u00f1os con discapacidad visual. Proporcionar los elementos b\u00e1sicos para el desarrollo de habilidades musicales.<\/p>\n<p>&#8211;\u00a0\u00a0\u00a0\u00a0\u00a0\u00a0 Taller de Pintura para j\u00f3venes y adultos entre 15 a\u00f1os en adelante con discapacidad cognitiva y mental leve, discapacidad f\u00edsica y discapacidad sensorial. El objetivo, fomentar el desarrollo de habilidades expresivas a trav\u00e9s de la pintura.<\/p>\n<p>Los talleres se desarrollar\u00e1n en los espacios de la Instituci\u00f3n, con docentes capacitados y con la mayor experiencia en la aplicaci\u00f3n del arte con fines terap\u00e9uticos.<\/p>\n<p>Para mayor informaci\u00f3n de los programas ofrecidos por el \u00e1rea de extensi\u00f3n, pueden visitar la p\u00e1gina web: www.bellasartes.edu.co o al correo sandra.garc\u00eda@bellasartes.edu.co<\/p>\n<p>Informes: 6203333 ext. 244<\/p>\n<p>www.bellasartes.edu.co<\/p>\n<p>Fan Page: Bellas Artes<\/p>\n<p>Twitter: @BellasArtesC<\/p>\n<p>Fuente: Comunicaciones Gobernaci\u00f3n<\/p>\n","protected":false},"excerpt":{"rendered":"<p>Con el prop\u00f3sito de que las personas en situaci\u00f3n de discapacidad desarrollen y mejoren su potencial creativo, Bellas Artes abre la oferta de talleres en artes dirigidos a esta poblaci\u00f3n, los cuales hacen parte del programa de extensi\u00f3n que brinda la entidad enmarcados dentro del \u201cProyecto de arte inclusivo para[&#8230;]<\/p>\n","protected":false},"author":1,"featured_media":6548,"comment_status":"open","ping_status":"open","sticky":false,"template":"","format":"standard","meta":{"footnotes":""},"categories":[4],"tags":[],"_links":{"self":[{"href":"https:\/\/emisora.univalle.edu.co\/index.php\/wp-json\/wp\/v2\/posts\/6596"}],"collection":[{"href":"https:\/\/emisora.univalle.edu.co\/index.php\/wp-json\/wp\/v2\/posts"}],"about":[{"href":"https:\/\/emisora.univalle.edu.co\/index.php\/wp-json\/wp\/v2\/types\/post"}],"author":[{"embeddable":true,"href":"https:\/\/emisora.univalle.edu.co\/index.php\/wp-json\/wp\/v2\/users\/1"}],"replies":[{"embeddable":true,"href":"https:\/\/emisora.univalle.edu.co\/index.php\/wp-json\/wp\/v2\/comments?post=6596"}],"version-history":[{"count":1,"href":"https:\/\/emisora.univalle.edu.co\/index.php\/wp-json\/wp\/v2\/posts\/6596\/revisions"}],"predecessor-version":[{"id":6597,"href":"https:\/\/emisora.univalle.edu.co\/index.php\/wp-json\/wp\/v2\/posts\/6596\/revisions\/6597"}],"wp:featuredmedia":[{"embeddable":true,"href":"https:\/\/emisora.univalle.edu.co\/index.php\/wp-json\/wp\/v2\/media\/6548"}],"wp:attachment":[{"href":"https:\/\/emisora.univalle.edu.co\/index.php\/wp-json\/wp\/v2\/media?parent=6596"}],"wp:term":[{"taxonomy":"category","embeddable":true,"href":"https:\/\/emisora.univalle.edu.co\/index.php\/wp-json\/wp\/v2\/categories?post=6596"},{"taxonomy":"post_tag","embeddable":true,"href":"https:\/\/emisora.univalle.edu.co\/index.php\/wp-json\/wp\/v2\/tags?post=6596"}],"curies":[{"name":"wp","href":"https:\/\/api.w.org\/{rel}","templated":true}]}}