{"id":6620,"date":"2015-08-31T14:27:29","date_gmt":"2015-08-31T19:27:29","guid":{"rendered":"https:\/\/emisora.univalle.edu.co\/\/?p=6620"},"modified":"2015-08-31T14:27:29","modified_gmt":"2015-08-31T19:27:29","slug":"el-festival-mundial-de-salsa-avanza-en-sus-clasificatorias","status":"publish","type":"post","link":"https:\/\/emisora.univalle.edu.co\/index.php\/el-festival-mundial-de-salsa-avanza-en-sus-clasificatorias\/","title":{"rendered":"El Festival Mundial de Salsa avanza en sus clasificatorias"},"content":{"rendered":"<p><span style=\"line-height: 1.5em;\">La modalidad de Estilo de Baile Cale\u00f1o fue creada para promover en las nuevas generaciones, una forma de bailar propia de la ciudad, que contribuy\u00f3 al prestigio de los bailarines de la urbe en Colombia y en el Mundo.<a href=\"https:\/\/emisora.univalle.edu.co\/\/wp-content\/uploads\/2015\/08\/Festival-de-Salsa2.jpg\" data-lightbox=\"gal[6620]\"><img loading=\"lazy\" decoding=\"async\" class=\"alignright  wp-image-6613\" alt=\"Festival de Salsa2\" src=\"https:\/\/emisora.univalle.edu.co\/\/wp-content\/uploads\/2015\/08\/Festival-de-Salsa2.jpg\" width=\"562\" height=\"302\" srcset=\"https:\/\/emisora.univalle.edu.co\/wp-content\/uploads\/2015\/08\/Festival-de-Salsa2.jpg 878w, https:\/\/emisora.univalle.edu.co\/wp-content\/uploads\/2015\/08\/Festival-de-Salsa2-300x160.jpg 300w, https:\/\/emisora.univalle.edu.co\/wp-content\/uploads\/2015\/08\/Festival-de-Salsa2-438x234.jpg 438w\" sizes=\"(max-width: 562px) 100vw, 562px\" \/><\/a><\/span><\/p>\n<p>En desarrollo de las clasificatorias del X Festival Mundial de Salsa, el p\u00fablico goz\u00f3 con los pasos de las 18 parejas en la categor\u00eda profesional que colocaron todo su energ\u00eda y versatilidad, en la Tarima del Teatro al Aire Libre Los Cristales, en la disputa de seis cupos a la segunda ronda del\u00a0 certamen.<\/p>\n<p>La Secretar\u00eda de Cultura y Turismo de Cali, organizadora del festival, avanza en la consolidaci\u00f3n de un proceso que incluye etapas de formaci\u00f3n, sostenimiento y promoci\u00f3n de la cultura salsa, como un elemento que identifica y proyecta la imagen de la ciudad, en el contexto nacional e internacional.<\/p>\n<p>Ernesto S\u00e1nchez y Angie Lorena Pantoja, habitantes de los Barrios El Vallado y La Uni\u00f3n, al bajar del escenario, comentaron sentirse muy complacidos con su participaci\u00f3n, la cual cumpli\u00f3 sus expectativas en la competencia.\u00a0\u00a0 Desde hace ocho a\u00f1os estos integrantes de la Fundaci\u00f3n Art\u00edstica \u2018Nueva Dimensi\u00f3n\u2019, se encuentran como pareja de baile, para pulir su presentaci\u00f3n, implementar otros pasos y corregir aspectos de su coreograf\u00eda e indumentaria, que debe ser impecable e impactante.<\/p>\n<p>Entre tanto en la parte posterior del teatro, se preparaba la pareja de Miguel Vi\u00e1fara y Keidy Tejada, como hace 10 a\u00f1os lo vienen haciendo en escenarios de Colombia y el mundo.\u00a0 Miguel, es el director de la Fundaci\u00f3n Escuela de Baile \u2018Estrellas del Swin\u201d, que tiene un trabajo social y art\u00edstico con j\u00f3venes del oriente cale\u00f1o, desde el Barrio Nueva Floresta.<\/p>\n<p>Este artista, con 20 a\u00f1os de trayectoria en el baile, expresa sentir mucha ansiedad y algo de nervios antes se subir al escenario.\u00a0 Para lograr que su presentaci\u00f3n fuese impecable, opt\u00f3 por un traje de pana rojo y un pantal\u00f3n negro, como varios de sus \u00eddolos del Baile Cale\u00f1o en d\u00e9cadas anteriores.<\/p>\n<p>Si bien estas dos parejas no clasificaron a la segunda ronda del X Festival Mundial de Salsa de Cali, si dieron una muestra de su calidad, fruto del esfuerzo y disciplina de meses de arduo trabajo.<\/p>\n<p><a href=\"https:\/\/emisora.univalle.edu.co\/\/wp-content\/uploads\/2015\/08\/Festival-de-Salsa.jpg\" data-lightbox=\"gal[6620]\"><img loading=\"lazy\" decoding=\"async\" class=\"alignright size-full wp-image-6612\" alt=\"Festival de Salsa\" src=\"https:\/\/emisora.univalle.edu.co\/\/wp-content\/uploads\/2015\/08\/Festival-de-Salsa.jpg\" width=\"922\" height=\"473\" srcset=\"https:\/\/emisora.univalle.edu.co\/wp-content\/uploads\/2015\/08\/Festival-de-Salsa.jpg 922w, https:\/\/emisora.univalle.edu.co\/wp-content\/uploads\/2015\/08\/Festival-de-Salsa-300x153.jpg 300w, https:\/\/emisora.univalle.edu.co\/wp-content\/uploads\/2015\/08\/Festival-de-Salsa-438x224.jpg 438w\" sizes=\"(max-width: 922px) 100vw, 922px\" \/><\/a><\/p>\n<p>Fuente: Comunicaciones Secretar\u00eda de Cultura<\/p>\n","protected":false},"excerpt":{"rendered":"<p>La modalidad de Estilo de Baile Cale\u00f1o fue creada para promover en las nuevas generaciones, una forma de bailar propia de la ciudad, que contribuy\u00f3 al prestigio de los bailarines de la urbe en Colombia y en el Mundo. En desarrollo de las clasificatorias del X Festival Mundial de Salsa,[&#8230;]<\/p>\n","protected":false},"author":1,"featured_media":6614,"comment_status":"open","ping_status":"open","sticky":false,"template":"","format":"standard","meta":{"footnotes":""},"categories":[4],"tags":[],"_links":{"self":[{"href":"https:\/\/emisora.univalle.edu.co\/index.php\/wp-json\/wp\/v2\/posts\/6620"}],"collection":[{"href":"https:\/\/emisora.univalle.edu.co\/index.php\/wp-json\/wp\/v2\/posts"}],"about":[{"href":"https:\/\/emisora.univalle.edu.co\/index.php\/wp-json\/wp\/v2\/types\/post"}],"author":[{"embeddable":true,"href":"https:\/\/emisora.univalle.edu.co\/index.php\/wp-json\/wp\/v2\/users\/1"}],"replies":[{"embeddable":true,"href":"https:\/\/emisora.univalle.edu.co\/index.php\/wp-json\/wp\/v2\/comments?post=6620"}],"version-history":[{"count":1,"href":"https:\/\/emisora.univalle.edu.co\/index.php\/wp-json\/wp\/v2\/posts\/6620\/revisions"}],"predecessor-version":[{"id":6621,"href":"https:\/\/emisora.univalle.edu.co\/index.php\/wp-json\/wp\/v2\/posts\/6620\/revisions\/6621"}],"wp:featuredmedia":[{"embeddable":true,"href":"https:\/\/emisora.univalle.edu.co\/index.php\/wp-json\/wp\/v2\/media\/6614"}],"wp:attachment":[{"href":"https:\/\/emisora.univalle.edu.co\/index.php\/wp-json\/wp\/v2\/media?parent=6620"}],"wp:term":[{"taxonomy":"category","embeddable":true,"href":"https:\/\/emisora.univalle.edu.co\/index.php\/wp-json\/wp\/v2\/categories?post=6620"},{"taxonomy":"post_tag","embeddable":true,"href":"https:\/\/emisora.univalle.edu.co\/index.php\/wp-json\/wp\/v2\/tags?post=6620"}],"curies":[{"name":"wp","href":"https:\/\/api.w.org\/{rel}","templated":true}]}}