{"id":6622,"date":"2015-08-31T14:28:43","date_gmt":"2015-08-31T19:28:43","guid":{"rendered":"https:\/\/emisora.univalle.edu.co\/\/?p=6622"},"modified":"2015-08-31T14:28:43","modified_gmt":"2015-08-31T19:28:43","slug":"gobernador-ubeimar-delgado-presidio-consejo-seccional-de-estupefacientes","status":"publish","type":"post","link":"https:\/\/emisora.univalle.edu.co\/index.php\/gobernador-ubeimar-delgado-presidio-consejo-seccional-de-estupefacientes\/","title":{"rendered":"Gobernador Ubeimar Delgado presidio Consejo Seccional de Estupefacientes"},"content":{"rendered":"<p><span style=\"line-height: 1.5em;\">En el Consejo Seccional de Estupefacientes que presidi\u00f3 el Gobernador del Valle del Cauca Ubeimar Delgado el mandatario departamental respald\u00f3 y elogi\u00f3 las acciones que est\u00e1n adelantando las diferentes entidades en sinergia para la reducci\u00f3n del consumo de sustancias sicoactivas en el departamento.<\/span><\/p>\n<p><span style=\"line-height: 1.5em;\">El gobernador Ubeimar Delgado Bland\u00f3n dijo que es importante construir una ruta para la adopci\u00f3n de pol\u00edticas eficaces contra el consumo de las sustancia sicoactivas en articulaci\u00f3n de los diferentes estamentos e instituciones encargadas de prevenir el consumo y expendio de las mismas.<\/span><\/p>\n<p><span style=\"line-height: 1.5em;\">\u201cLa gobernaci\u00f3n del Valle del Cauca viene articul\u00e1ndose con la Polic\u00eda para lograr mayor impacto en la pol\u00edticas para prevenir el uso y consumo de sustancias ilegales que deben estar enmarcadas dentro de la estrategia de lucha contra el tr\u00e1fico y consumo\u201d, asever\u00f3 Delgado Bland\u00f3n. \u00a0<\/span><\/p>\n<p><span style=\"line-height: 1.5em;\">Del Consejo hacen parte adem\u00e1s de la Secretar\u00eda Departamental de Salud, la Secretar\u00eda de Gobierno Departamental, el Ministerio de Justicia y del Derecho, la Polic\u00eda Metropolitana de Cali, la Fiscal\u00eda General de la Naci\u00f3n, el ICBF, Medicina Legal, el Cti y el Ej\u00e9rcito Nacional entre otros.<\/span><\/p>\n<p>Fuente: Comunicaciones Gobernaci\u00f3n<\/p>\n<p>&nbsp;<\/p>\n","protected":false},"excerpt":{"rendered":"<p>En el Consejo Seccional de Estupefacientes que presidi\u00f3 el Gobernador del Valle del Cauca Ubeimar Delgado el mandatario departamental respald\u00f3 y elogi\u00f3 las acciones que est\u00e1n adelantando las diferentes entidades en sinergia para la reducci\u00f3n del consumo de sustancias sicoactivas en el departamento. El gobernador Ubeimar Delgado Bland\u00f3n dijo que[&#8230;]<\/p>\n","protected":false},"author":1,"featured_media":6610,"comment_status":"open","ping_status":"open","sticky":false,"template":"","format":"standard","meta":{"footnotes":""},"categories":[4],"tags":[],"_links":{"self":[{"href":"https:\/\/emisora.univalle.edu.co\/index.php\/wp-json\/wp\/v2\/posts\/6622"}],"collection":[{"href":"https:\/\/emisora.univalle.edu.co\/index.php\/wp-json\/wp\/v2\/posts"}],"about":[{"href":"https:\/\/emisora.univalle.edu.co\/index.php\/wp-json\/wp\/v2\/types\/post"}],"author":[{"embeddable":true,"href":"https:\/\/emisora.univalle.edu.co\/index.php\/wp-json\/wp\/v2\/users\/1"}],"replies":[{"embeddable":true,"href":"https:\/\/emisora.univalle.edu.co\/index.php\/wp-json\/wp\/v2\/comments?post=6622"}],"version-history":[{"count":1,"href":"https:\/\/emisora.univalle.edu.co\/index.php\/wp-json\/wp\/v2\/posts\/6622\/revisions"}],"predecessor-version":[{"id":6623,"href":"https:\/\/emisora.univalle.edu.co\/index.php\/wp-json\/wp\/v2\/posts\/6622\/revisions\/6623"}],"wp:featuredmedia":[{"embeddable":true,"href":"https:\/\/emisora.univalle.edu.co\/index.php\/wp-json\/wp\/v2\/media\/6610"}],"wp:attachment":[{"href":"https:\/\/emisora.univalle.edu.co\/index.php\/wp-json\/wp\/v2\/media?parent=6622"}],"wp:term":[{"taxonomy":"category","embeddable":true,"href":"https:\/\/emisora.univalle.edu.co\/index.php\/wp-json\/wp\/v2\/categories?post=6622"},{"taxonomy":"post_tag","embeddable":true,"href":"https:\/\/emisora.univalle.edu.co\/index.php\/wp-json\/wp\/v2\/tags?post=6622"}],"curies":[{"name":"wp","href":"https:\/\/api.w.org\/{rel}","templated":true}]}}