{"id":6624,"date":"2015-08-31T14:30:54","date_gmt":"2015-08-31T19:30:54","guid":{"rendered":"https:\/\/emisora.univalle.edu.co\/\/?p=6624"},"modified":"2015-08-31T14:30:54","modified_gmt":"2015-08-31T19:30:54","slug":"alcaldia-llama-atencion-de-calenos-tras-alerta-roja-del-ideam-por-incendios","status":"publish","type":"post","link":"https:\/\/emisora.univalle.edu.co\/index.php\/alcaldia-llama-atencion-de-calenos-tras-alerta-roja-del-ideam-por-incendios\/","title":{"rendered":"Alcald\u00eda llama atenci\u00f3n de cale\u00f1os tras alerta roja del Ideam por incendios"},"content":{"rendered":"<p><span style=\"line-height: 1.5em;\">Tras la alerta roja por \u201camenaza alta de ocurrencia de incendios de la cobertura vegetal\u201d en Cali y otros 16 municipios de la regi\u00f3n, emitida recientemente por el Instituto de Hidrolog\u00eda, Meteorolog\u00eda y Estudios Ambientales \u2013Ideam-, y debido a los \u00faltimos incendios forestales registrados en zonas vecinas a la ciudad, la Alcald\u00eda de Cali y el Consejo para la Gesti\u00f3n del Riesgo de Desastres \u2013Cmgrd-, le hacen un llamado a la comunidad cale\u00f1a para que se mantenga atenta a la presencia de inescrupulosos que inicien el fuego en zonas verdes y monta\u00f1osas.<\/span><\/p>\n<p><span style=\"line-height: 1.5em;\">Al mismo tiempo, convoca a denunciar a este tipo de personas a las l\u00edneas de emergencia de la capital vallecaucana y al autocuidado y ahorro del agua.<\/span><\/p>\n<p><span style=\"line-height: 1.5em;\">De acuerdo con la alerta roja del Ideam, la ocurrencia de incendios forestales se puede dar adem\u00e1s de Cali, en municipios como Yumbo, Vijes, Tulu\u00e1, Trujillo, Roldanillo y\u00a0 Pradera. As\u00ed como en Palmira, Jamund\u00ed, Guacar\u00ed, Ginebra, Florida, El Cerrito, Candelaria, Buga y Bol\u00edvar.<\/span><\/p>\n<p><span style=\"line-height: 1.5em;\">Ante esto, Rodrigo Zamorano Sanclemente, coordinador del Cmgrd, advirti\u00f3 que este tipo de alertas, que ya se han dado en otras oportunidades debido a la temporada seca,\u00a0 son muy graves y se debe a las anomal\u00edas del Pac\u00edfico y la llegada de un posible Fen\u00f3meno del Ni\u00f1o.<\/span><\/p>\n<p><span style=\"line-height: 1.5em;\">\u201cDe all\u00ed la importancia y necesidad de que los cale\u00f1os act\u00faen como los primeros respondientes en su autocuidado y la protecci\u00f3n del medioambiente. Uno no busca ser alarmista, pero s\u00ed queremos y necesitamos que la comunidad entienda que debe permanecer atenta a la presencia de pir\u00f3manos en las zonas verdes y monta\u00f1osas de la ciudad, que debe denunciarlos y llamar de inmediato a las autoridades en caso de identificar un incendio\u201d, dijo el funcionario.<\/span><\/p>\n<p><span style=\"line-height: 1.5em;\">Agreg\u00f3 que si bien la ciudad ya cuenta con c\u00e1maras detectoras de incendios forestales, es de gran importancia la colaboraci\u00f3n de los ciudadanos a la hora de presentarse una conflagraci\u00f3n.<\/span><\/p>\n<p><span style=\"line-height: 1.5em;\">El funcionario llam\u00f3 la atenci\u00f3n, al mismo tiempo, sobre la urgencia de ahorrar agua durante esta temporada seca, ya que los siete r\u00edos de Cali se encuentran en su caudal m\u00e1s m\u00ednimo. De all\u00ed la obligaci\u00f3n de asumir responsabilidad frente a este hecho y tener en cuenta las recomendaciones dadas por los organismos de socorro de la ciudad.<\/span><\/p>\n<p><span style=\"line-height: 1.5em;\">Denunciar, muy importante<\/span><\/p>\n<p>Los incendios forestales en su mayor\u00eda son provocados, por lo que los ciudadanos deben denunciar a quienes los provocan. La l\u00ednea para reportar emergencias y denunciar es 119.<\/p>\n<p>Tambi\u00e9n puede llamar al Consejo para la Gesti\u00f3n del Riesgo de Desastres a la l\u00ednea 660 4826.<\/p>\n<p><span style=\"line-height: 1.5em;\">No deje desperdicios en parques o en zonas verdes que puedan generar incendios forestales, tales como colillas de cigarrillos, vidrios, basura y todo material inflamable.<\/span><\/p>\n<p><span style=\"line-height: 1.5em;\">Los vidrios son como lupas, generan altas temperaturas bajo el sol y ocasionan conflagraciones que acaban con la fauna y flora.<\/span><\/p>\n<p><span style=\"line-height: 1.5em;\">No realice fogatas durante sus paseos.<\/span><\/p>\n<p><span style=\"line-height: 1.5em;\">Use racionalmente el agua: duchas cortas, no lavar los veh\u00edculos ni regar el jard\u00edn con agua potable.<\/span><\/p>\n<p><span style=\"line-height: 1.5em;\">Cierre las llaves de agua que no se est\u00e9n usando y arregle los da\u00f1os en las que est\u00e9n goteando, cambiando los empaques.<\/span><\/p>\n<p><span style=\"line-height: 1.5em;\">Ahorre energ\u00eda: no deje electrodom\u00e9sticos conectados cuando no los est\u00e9 utilizando. Apague las bombillas de espacios que no est\u00e9 empleando.<\/span><\/p>\n<p><span style=\"line-height: 1.5em;\">Ni\u00f1os, j\u00f3venes y adultos deben mantenerse hidratados.<\/span><\/p>\n<p><span style=\"line-height: 1.5em;\">Use protector solar, en especial los ni\u00f1os que se encuentran en vacaciones y asisten a actividades recreativas en las que pasan mucho tiempo bajo el sol. El uso de una gorra tambi\u00e9n puede ayudar.<\/span><\/p>\n<p><span style=\"line-height: 1.5em;\">D\u00f3nde llamar en\u00a0 caso de emergencia<\/span><\/p>\n<p>Bomberos:\u00a0\u00a0\u00a0\u00a0\u00a0\u00a0\u00a0\u00a0\u00a0 119<\/p>\n<p>Cmgrd:\u00a0\u00a0\u00a0\u00a0\u00a0\u00a0\u00a0\u00a0\u00a0\u00a0\u00a0\u00a0\u00a0\u00a0\u00a0 660 4826<\/p>\n<p>Emcali:\u00a0\u00a0\u00a0\u00a0\u00a0\u00a0\u00a0\u00a0\u00a0\u00a0\u00a0\u00a0\u00a0\u00a0\u00a0 117<\/p>\n<p>Cruz Roja:\u00a0\u00a0\u00a0\u00a0\u00a0\u00a0\u00a0\u00a0\u00a0 132<\/p>\n<p>Dagma:\u00a0\u00a0\u00a0\u00a0\u00a0\u00a0\u00a0\u00a0\u00a0\u00a0\u00a0 660 02 08<\/p>\n<p>Secretar\u00eda de Salud:\u00a0\u00a0\u00a0 554 1030<\/p>\n<p>Fuente: Comunicaciones Alcald\u00eda<\/p>\n","protected":false},"excerpt":{"rendered":"<p>Tras la alerta roja por \u201camenaza alta de ocurrencia de incendios de la cobertura vegetal\u201d en Cali y otros 16 municipios de la regi\u00f3n, emitida recientemente por el Instituto de Hidrolog\u00eda, Meteorolog\u00eda y Estudios Ambientales \u2013Ideam-, y debido a los \u00faltimos incendios forestales registrados en zonas vecinas a la ciudad,[&#8230;]<\/p>\n","protected":false},"author":1,"featured_media":6607,"comment_status":"open","ping_status":"open","sticky":false,"template":"","format":"standard","meta":{"footnotes":""},"categories":[4],"tags":[],"_links":{"self":[{"href":"https:\/\/emisora.univalle.edu.co\/index.php\/wp-json\/wp\/v2\/posts\/6624"}],"collection":[{"href":"https:\/\/emisora.univalle.edu.co\/index.php\/wp-json\/wp\/v2\/posts"}],"about":[{"href":"https:\/\/emisora.univalle.edu.co\/index.php\/wp-json\/wp\/v2\/types\/post"}],"author":[{"embeddable":true,"href":"https:\/\/emisora.univalle.edu.co\/index.php\/wp-json\/wp\/v2\/users\/1"}],"replies":[{"embeddable":true,"href":"https:\/\/emisora.univalle.edu.co\/index.php\/wp-json\/wp\/v2\/comments?post=6624"}],"version-history":[{"count":1,"href":"https:\/\/emisora.univalle.edu.co\/index.php\/wp-json\/wp\/v2\/posts\/6624\/revisions"}],"predecessor-version":[{"id":6625,"href":"https:\/\/emisora.univalle.edu.co\/index.php\/wp-json\/wp\/v2\/posts\/6624\/revisions\/6625"}],"wp:featuredmedia":[{"embeddable":true,"href":"https:\/\/emisora.univalle.edu.co\/index.php\/wp-json\/wp\/v2\/media\/6607"}],"wp:attachment":[{"href":"https:\/\/emisora.univalle.edu.co\/index.php\/wp-json\/wp\/v2\/media?parent=6624"}],"wp:term":[{"taxonomy":"category","embeddable":true,"href":"https:\/\/emisora.univalle.edu.co\/index.php\/wp-json\/wp\/v2\/categories?post=6624"},{"taxonomy":"post_tag","embeddable":true,"href":"https:\/\/emisora.univalle.edu.co\/index.php\/wp-json\/wp\/v2\/tags?post=6624"}],"curies":[{"name":"wp","href":"https:\/\/api.w.org\/{rel}","templated":true}]}}