{"id":6626,"date":"2015-08-31T14:32:43","date_gmt":"2015-08-31T19:32:43","guid":{"rendered":"https:\/\/emisora.univalle.edu.co\/\/?p=6626"},"modified":"2015-08-31T14:32:43","modified_gmt":"2015-08-31T19:32:43","slug":"264-estudiantes-de-sectores-vulnerables-se-han-certificado-como-facilitadores-de-paz","status":"publish","type":"post","link":"https:\/\/emisora.univalle.edu.co\/index.php\/264-estudiantes-de-sectores-vulnerables-se-han-certificado-como-facilitadores-de-paz\/","title":{"rendered":"264 estudiantes de sectores vulnerables se han certificado como facilitadores de paz"},"content":{"rendered":"<p><span style=\"line-height: 1.5em;\">\u00a0\u201cYo pensaba que hac\u00eda m\u00e1s si no me la dejaba montar de nadie y el brazo les iba metiendo. \u00a1Ah! s\u00ed, eso de calmarse no era lo m\u00edo. Tambi\u00e9n, me burlaba en clase o les hac\u00eda dizque \u2018bromas\u2019 a mis compa\u00f1eros, con tal de demostrar que el del poder era yo. Pero todo, cambio. Conocerme y tener fuerza de voluntad me hizo cambiar y aprovechar los tres meses de los talleres de facilitadores de Paz\u201d.<\/span><\/p>\n<p><span style=\"line-height: 1.5em;\">Ese es el testimonio de *Jhonny, estudiante de 9\u00b0 grado, de la Ciudadela Educativa Isa\u00edas Duarte Cancino, durante los talleres que ofreci\u00f3 la Asesor\u00eda de Paz, los cuales finalizan el pr\u00f3ximo mi\u00e9rcoles 2 de septiembre, con la certificaci\u00f3n a\u00a0 80 j\u00f3venes como facilitadores de Paz.\u00a0<\/span><\/p>\n<p><span style=\"line-height: 1.5em;\">Conforme al asesor de paz, Felipe Montoya, el proyecto de facilitadores \u201cse ofrece en planteles educativos de las comunas vulnerables de la ciudad,\u00a0 para que los j\u00f3venes mediante\u00a0 charlas y juegos aprendan a\u00a0 estimular en las personas implicadas en un conflicto a\u00a0 encontrar soluciones,\u00a0 independiente del entorno donde se genera el brote de violencia\u201d.<\/span><\/p>\n<p><span style=\"line-height: 1.5em;\">Agrega el funcionario que con los 80 j\u00f3venes que se graduar\u00e1n como facilitadores de Paz, ser\u00e1n en total 264 personas que alcanzan este nivel formativo\u00a0 desde que \u00e9l est\u00e1 al frente de la Asesor\u00eda.<\/span><\/p>\n<p><span style=\"line-height: 1.5em;\">Datos de la graduaci\u00f3n de 80 facilitadores:<\/span><\/p>\n<p>En\u00a0 la\u00a0 Ciudadela Educativa Isa\u00edas Duarte Cancino, ubicada en la calle 69 #28E-3-1, barrio Mojica 2, se realizar\u00e1\u00a0 la atenci\u00f3n a los medios de comunicaci\u00f3n desde las 9:00 a.m. y a las\u00a0 9:30 a.m. iniciar\u00e1 la ceremonia de graduaci\u00f3n de los 80 facilitadores.<\/p>\n<p><span style=\"line-height: 1.5em;\">Durante el evento se presentar\u00e1n los\u00a0 grupos art\u00edsticos de las 6 iniciativas de paz,\u00a0 que surgieron durante los talleres de facilitadores de 2014 y que contar\u00e1n\u00a0 este a\u00f1o con el respaldo econ\u00f3mico de la Agencia de los Estados Unidos para el Desarrollo Internacional, Usaid, y la\u00a0 Organizaci\u00f3n Internacional para las Migraciones &#8211;\u00a0 OIM-. Delegados\u00a0 de estas organizaciones estar\u00e1n durante la ceremonia de graduaci\u00f3n para oficializar la entrega de recurso.<\/span><\/p>\n<p><span style=\"line-height: 1.5em;\">* Jhonny, nombre cambiado por solicitud de la fuente.<\/span><\/p>\n<p>Fuente: Comunicaciones Alcald\u00eda<\/p>\n","protected":false},"excerpt":{"rendered":"<p>\u00a0\u201cYo pensaba que hac\u00eda m\u00e1s si no me la dejaba montar de nadie y el brazo les iba metiendo. \u00a1Ah! s\u00ed, eso de calmarse no era lo m\u00edo. Tambi\u00e9n, me burlaba en clase o les hac\u00eda dizque \u2018bromas\u2019 a mis compa\u00f1eros, con tal de demostrar que el del poder era[&#8230;]<\/p>\n","protected":false},"author":1,"featured_media":6611,"comment_status":"open","ping_status":"open","sticky":false,"template":"","format":"standard","meta":{"footnotes":""},"categories":[4],"tags":[],"_links":{"self":[{"href":"https:\/\/emisora.univalle.edu.co\/index.php\/wp-json\/wp\/v2\/posts\/6626"}],"collection":[{"href":"https:\/\/emisora.univalle.edu.co\/index.php\/wp-json\/wp\/v2\/posts"}],"about":[{"href":"https:\/\/emisora.univalle.edu.co\/index.php\/wp-json\/wp\/v2\/types\/post"}],"author":[{"embeddable":true,"href":"https:\/\/emisora.univalle.edu.co\/index.php\/wp-json\/wp\/v2\/users\/1"}],"replies":[{"embeddable":true,"href":"https:\/\/emisora.univalle.edu.co\/index.php\/wp-json\/wp\/v2\/comments?post=6626"}],"version-history":[{"count":1,"href":"https:\/\/emisora.univalle.edu.co\/index.php\/wp-json\/wp\/v2\/posts\/6626\/revisions"}],"predecessor-version":[{"id":6627,"href":"https:\/\/emisora.univalle.edu.co\/index.php\/wp-json\/wp\/v2\/posts\/6626\/revisions\/6627"}],"wp:featuredmedia":[{"embeddable":true,"href":"https:\/\/emisora.univalle.edu.co\/index.php\/wp-json\/wp\/v2\/media\/6611"}],"wp:attachment":[{"href":"https:\/\/emisora.univalle.edu.co\/index.php\/wp-json\/wp\/v2\/media?parent=6626"}],"wp:term":[{"taxonomy":"category","embeddable":true,"href":"https:\/\/emisora.univalle.edu.co\/index.php\/wp-json\/wp\/v2\/categories?post=6626"},{"taxonomy":"post_tag","embeddable":true,"href":"https:\/\/emisora.univalle.edu.co\/index.php\/wp-json\/wp\/v2\/tags?post=6626"}],"curies":[{"name":"wp","href":"https:\/\/api.w.org\/{rel}","templated":true}]}}