{"id":6632,"date":"2015-08-31T14:37:06","date_gmt":"2015-08-31T19:37:06","guid":{"rendered":"https:\/\/emisora.univalle.edu.co\/\/?p=6632"},"modified":"2015-08-31T14:37:06","modified_gmt":"2015-08-31T19:37:06","slug":"haran-censo-para-artistas-y-organizaciones-culturales-de-santiago-de-cali","status":"publish","type":"post","link":"https:\/\/emisora.univalle.edu.co\/index.php\/haran-censo-para-artistas-y-organizaciones-culturales-de-santiago-de-cali\/","title":{"rendered":"Har\u00e1n censo para artistas y organizaciones culturales de Santiago de Cali"},"content":{"rendered":"<p><span style=\"line-height: 1.5em;\">La alcald\u00eda de Santiago de Cali, a trav\u00e9s de la Secretar\u00eda de Cultura y Turismo realizar\u00e1 el Censo Municipal de Artistas\/creadores, Gestores y Organizaciones Art\u00edsticas y Culturales.<\/span><\/p>\n<p><span style=\"line-height: 1.5em;\">Este ejercicio tiene como\u00a0 objeto contar con informaci\u00f3n actualizada y confiable sobre el volumen y las principales caracter\u00edsticas sociodemogr\u00e1ficas y econ\u00f3micas del sector art\u00edstico y cultural de Santiago de Cali.<\/span><\/p>\n<p><span style=\"line-height: 1.5em;\">El censo permitir\u00e1 cuantificar los artistas, creadores,\u00a0 gestores\u00a0 y organizaciones art\u00edsticas y culturales presentes en el Municipio, su localizaci\u00f3n, la composici\u00f3n del sector\u00a0 seg\u00fan expresi\u00f3n art\u00edstica, as\u00ed como las condiciones y particularidades del trabajo desarrollado por el sector cultural.<\/span><\/p>\n<p><span style=\"line-height: 1.5em;\">Este conteo est\u00e1 dirigido a los artistas\/creadores, gestores culturales y a las organizaciones art\u00edsticas y culturales que residen y desarrollan actividades en el Municipio de Santiago de Cali.<\/span><\/p>\n<p><span style=\"line-height: 1.5em;\">El ejercicio es un insumo necesario en materia de planificaci\u00f3n para el desarrollo de las pol\u00edticas, planes y programas que aportar\u00e1 informaci\u00f3n confiable sobre el sector cultural.<\/span><\/p>\n<p><span style=\"line-height: 1.5em;\">El operativo censal se realizar\u00e1 del 15 de septiembre al 15 de octubre en todos los C.A.L.I de la ciudad, en el\u00a0 Centro Cultural de la Secretar\u00eda de Cultura\u00a0 y Turismo; en los corregimientos se realizar\u00e1 en las bibliotecas p\u00fablicas.<\/span><\/p>\n<p><span style=\"line-height: 1.5em;\">Mayores informes:<\/span><\/p>\n<p>Planeaci\u00f3n Secretar\u00eda de Cultura\u00a0 y Turismo<\/p>\n<p>Centro Cultural Piso 3 oficina Plan Decenal<\/p>\n<p>Tel\u00e9fonos 8813203 \/ 3158956443<\/p>\n<p>Ricardo Prieto &#8211; \u00d3mar Mart\u00ednez<\/p>\n<p><span style=\"line-height: 1.5em;\">Fuente: Comunicaciones Secretar\u00eda de Cultura Alcald\u00eda<\/span><\/p>\n","protected":false},"excerpt":{"rendered":"<p>La alcald\u00eda de Santiago de Cali, a trav\u00e9s de la Secretar\u00eda de Cultura y Turismo realizar\u00e1 el Censo Municipal de Artistas\/creadores, Gestores y Organizaciones Art\u00edsticas y Culturales. Este ejercicio tiene como\u00a0 objeto contar con informaci\u00f3n actualizada y confiable sobre el volumen y las principales caracter\u00edsticas sociodemogr\u00e1ficas y econ\u00f3micas del sector[&#8230;]<\/p>\n","protected":false},"author":1,"featured_media":6609,"comment_status":"open","ping_status":"open","sticky":false,"template":"","format":"standard","meta":{"footnotes":""},"categories":[4],"tags":[],"_links":{"self":[{"href":"https:\/\/emisora.univalle.edu.co\/index.php\/wp-json\/wp\/v2\/posts\/6632"}],"collection":[{"href":"https:\/\/emisora.univalle.edu.co\/index.php\/wp-json\/wp\/v2\/posts"}],"about":[{"href":"https:\/\/emisora.univalle.edu.co\/index.php\/wp-json\/wp\/v2\/types\/post"}],"author":[{"embeddable":true,"href":"https:\/\/emisora.univalle.edu.co\/index.php\/wp-json\/wp\/v2\/users\/1"}],"replies":[{"embeddable":true,"href":"https:\/\/emisora.univalle.edu.co\/index.php\/wp-json\/wp\/v2\/comments?post=6632"}],"version-history":[{"count":1,"href":"https:\/\/emisora.univalle.edu.co\/index.php\/wp-json\/wp\/v2\/posts\/6632\/revisions"}],"predecessor-version":[{"id":6633,"href":"https:\/\/emisora.univalle.edu.co\/index.php\/wp-json\/wp\/v2\/posts\/6632\/revisions\/6633"}],"wp:featuredmedia":[{"embeddable":true,"href":"https:\/\/emisora.univalle.edu.co\/index.php\/wp-json\/wp\/v2\/media\/6609"}],"wp:attachment":[{"href":"https:\/\/emisora.univalle.edu.co\/index.php\/wp-json\/wp\/v2\/media?parent=6632"}],"wp:term":[{"taxonomy":"category","embeddable":true,"href":"https:\/\/emisora.univalle.edu.co\/index.php\/wp-json\/wp\/v2\/categories?post=6632"},{"taxonomy":"post_tag","embeddable":true,"href":"https:\/\/emisora.univalle.edu.co\/index.php\/wp-json\/wp\/v2\/tags?post=6632"}],"curies":[{"name":"wp","href":"https:\/\/api.w.org\/{rel}","templated":true}]}}