{"id":6646,"date":"2015-09-01T08:00:40","date_gmt":"2015-09-01T13:00:40","guid":{"rendered":"https:\/\/emisora.univalle.edu.co\/\/?p=6646"},"modified":"2015-08-31T14:57:22","modified_gmt":"2015-08-31T19:57:22","slug":"regresa-viernes-de-letras-melendez","status":"publish","type":"post","link":"https:\/\/emisora.univalle.edu.co\/index.php\/regresa-viernes-de-letras-melendez\/","title":{"rendered":"Regresa Viernes de Letras a Mel\u00e9ndez"},"content":{"rendered":"<p><span style=\"line-height: 1.5em;\">Este 4 de septiembre regresan los \u201cViernes de Letras\u201d, ciclo de conferencias coordinado por la Escuela de Estudios Literarios, en el Auditorio \u00c1ngel Zapata de la Biblioteca Mario Carvajal, Universidad del Valle Campus Mel\u00e9ndez.<\/span><\/p>\n<p>\u201cViernes de Letras\u201d que se realizar\u00e1 a las 6 p.m, con el apoyo del \u00c1rea Cultural de la Divisi\u00f3n de Bibliotecas, busca que reconocidos autores y acad\u00e9micos reflexionen y establezcan un debate alrededor de la literatura.<\/p>\n<p>En esta ocasi\u00f3n, como parte de la celebraci\u00f3n de los 70 a\u00f1os de la Universidad del Valle, se han programado di\u00e1logos con reconocidos escritores colombianos: Beatriz Helena Robledo, Melba Escobar, Tim Keppel, Santiago Gamboa, Juan Carlos Garay, Jaime Alejandro Rodr\u00edguez, Alberto Salcedo Ramos, Vicenta Mar\u00eda Siossi, Dar\u00edo Jaramillo Agudelo y Juan Gabriel V\u00e1squez. Estos di\u00e1logos ser\u00e1n coordinados por profesores y estudiantes de la Universidad del Valle y de otras universidades, as\u00ed como por intelectuales y escritores de la ciudad de Cali.<\/p>\n<p>En el ciclo del primer semestre de 2015, \u201cViernes de Letras\u201d cont\u00f3 con la participaci\u00f3n de acad\u00e9micos y escritores como Carmi\u00f1a Navia, Juan Fernando Merino, Carolina San\u00edn, Yolanda Reyes, Mar\u00eda Mercedes Ortiz, \u00c1lvaro Bautista y Eduardo Serrano, entre otros.<\/p>\n<p>La programaci\u00f3n de \u201cViernes de Letras\u201d inicia el 4 de septiembre, a las 6 p.m. y va hasta el 13 de noviembre.<\/p>\n<p>&nbsp;<\/p>\n<p>Informes: Escuela de Estudios Literarios &#8211; Universidad del Valle<\/p>\n<p>Tel. 321 21 00 Ext 2161<\/p>\n<p><a href=\"mailto:escuela.estudiosliterarios@correounivalle.edu.co\">escuela.estudiosliterarios@correounivalle.edu.co<\/a><\/p>\n<p>Fuente: Agencia de Noticias Univalle<\/p>\n","protected":false},"excerpt":{"rendered":"<p>Este 4 de septiembre regresan los \u201cViernes de Letras\u201d, ciclo de conferencias coordinado por la Escuela de Estudios Literarios, en el Auditorio \u00c1ngel Zapata de la Biblioteca Mario Carvajal, Universidad del Valle Campus Mel\u00e9ndez. \u201cViernes de Letras\u201d que se realizar\u00e1 a las 6 p.m, con el apoyo del \u00c1rea Cultural[&#8230;]<\/p>\n","protected":false},"author":1,"featured_media":6647,"comment_status":"open","ping_status":"open","sticky":false,"template":"","format":"standard","meta":{"footnotes":""},"categories":[4],"tags":[],"_links":{"self":[{"href":"https:\/\/emisora.univalle.edu.co\/index.php\/wp-json\/wp\/v2\/posts\/6646"}],"collection":[{"href":"https:\/\/emisora.univalle.edu.co\/index.php\/wp-json\/wp\/v2\/posts"}],"about":[{"href":"https:\/\/emisora.univalle.edu.co\/index.php\/wp-json\/wp\/v2\/types\/post"}],"author":[{"embeddable":true,"href":"https:\/\/emisora.univalle.edu.co\/index.php\/wp-json\/wp\/v2\/users\/1"}],"replies":[{"embeddable":true,"href":"https:\/\/emisora.univalle.edu.co\/index.php\/wp-json\/wp\/v2\/comments?post=6646"}],"version-history":[{"count":1,"href":"https:\/\/emisora.univalle.edu.co\/index.php\/wp-json\/wp\/v2\/posts\/6646\/revisions"}],"predecessor-version":[{"id":6648,"href":"https:\/\/emisora.univalle.edu.co\/index.php\/wp-json\/wp\/v2\/posts\/6646\/revisions\/6648"}],"wp:featuredmedia":[{"embeddable":true,"href":"https:\/\/emisora.univalle.edu.co\/index.php\/wp-json\/wp\/v2\/media\/6647"}],"wp:attachment":[{"href":"https:\/\/emisora.univalle.edu.co\/index.php\/wp-json\/wp\/v2\/media?parent=6646"}],"wp:term":[{"taxonomy":"category","embeddable":true,"href":"https:\/\/emisora.univalle.edu.co\/index.php\/wp-json\/wp\/v2\/categories?post=6646"},{"taxonomy":"post_tag","embeddable":true,"href":"https:\/\/emisora.univalle.edu.co\/index.php\/wp-json\/wp\/v2\/tags?post=6646"}],"curies":[{"name":"wp","href":"https:\/\/api.w.org\/{rel}","templated":true}]}}