{"id":6673,"date":"2015-09-01T14:27:00","date_gmt":"2015-09-01T19:27:00","guid":{"rendered":"https:\/\/emisora.univalle.edu.co\/\/?p=6673"},"modified":"2015-09-01T14:32:48","modified_gmt":"2015-09-01T19:32:48","slug":"taller-de-braille","status":"publish","type":"post","link":"https:\/\/emisora.univalle.edu.co\/index.php\/taller-de-braille\/","title":{"rendered":"Taller de lectoescritura braille"},"content":{"rendered":"<p>Con el objetivo de disminuir la brecha comunicativa existente entre personas videntes y no videntes y a su vez generar conciencia sobre la diversidad, la Divisi\u00f3n de Bibliotecas de la Universidad del Valle invita a la comunidad universitaria y p\u00fablico en general, a inscribirse al \u201cTaller de Lectoescritura Braille\u201d.<\/p>\n<p>Este taller se realizar\u00e1, de manera simult\u00e1nea y gratuita, en los Campus de Mel\u00e9ndez y San Fernando. El taller se presenta como un espacio que promueve la inclusi\u00f3n e igualdad.<\/p>\n<p>Mel\u00e9ndez Biblioteca Mario Carvajal \u2013Lugar: Sala de Seminarios (4to piso)<\/p>\n<p>Martes 3:00 pm \u2013 6:00 pm Inicio:\u00a0Septiembre 8 a 27 de octubre de 2015 (24 Horas)<\/p>\n<p>San Fernando Biblioteca San Fernando \u2013 Lugar: Mediateca.<\/p>\n<p>Jueves 3:00 pm \u2013 6:00 pm Inicio: Septiembre 10 a 29 de Octubre de 2015 (24 Horas)<\/p>\n<p>Informes: \u00c1rea Cultural \u2013 Divisi\u00f3n de Bibliotecas.<\/p>\n<p>Tel. 321 21 00 Ext. 2974.<\/p>\n<p>Fuente: Agencia de Noticias Univalle<\/p>\n","protected":false},"excerpt":{"rendered":"<p>Con el objetivo de disminuir la brecha comunicativa existente entre personas videntes y no videntes y a su vez generar conciencia sobre la diversidad, la Divisi\u00f3n de Bibliotecas de la Universidad del Valle invita a la comunidad universitaria y p\u00fablico en general, a inscribirse al \u201cTaller de Lectoescritura Braille\u201d. Este[&#8230;]<\/p>\n","protected":false},"author":1,"featured_media":6659,"comment_status":"open","ping_status":"open","sticky":false,"template":"","format":"standard","meta":{"footnotes":""},"categories":[4],"tags":[],"_links":{"self":[{"href":"https:\/\/emisora.univalle.edu.co\/index.php\/wp-json\/wp\/v2\/posts\/6673"}],"collection":[{"href":"https:\/\/emisora.univalle.edu.co\/index.php\/wp-json\/wp\/v2\/posts"}],"about":[{"href":"https:\/\/emisora.univalle.edu.co\/index.php\/wp-json\/wp\/v2\/types\/post"}],"author":[{"embeddable":true,"href":"https:\/\/emisora.univalle.edu.co\/index.php\/wp-json\/wp\/v2\/users\/1"}],"replies":[{"embeddable":true,"href":"https:\/\/emisora.univalle.edu.co\/index.php\/wp-json\/wp\/v2\/comments?post=6673"}],"version-history":[{"count":4,"href":"https:\/\/emisora.univalle.edu.co\/index.php\/wp-json\/wp\/v2\/posts\/6673\/revisions"}],"predecessor-version":[{"id":6678,"href":"https:\/\/emisora.univalle.edu.co\/index.php\/wp-json\/wp\/v2\/posts\/6673\/revisions\/6678"}],"wp:featuredmedia":[{"embeddable":true,"href":"https:\/\/emisora.univalle.edu.co\/index.php\/wp-json\/wp\/v2\/media\/6659"}],"wp:attachment":[{"href":"https:\/\/emisora.univalle.edu.co\/index.php\/wp-json\/wp\/v2\/media?parent=6673"}],"wp:term":[{"taxonomy":"category","embeddable":true,"href":"https:\/\/emisora.univalle.edu.co\/index.php\/wp-json\/wp\/v2\/categories?post=6673"},{"taxonomy":"post_tag","embeddable":true,"href":"https:\/\/emisora.univalle.edu.co\/index.php\/wp-json\/wp\/v2\/tags?post=6673"}],"curies":[{"name":"wp","href":"https:\/\/api.w.org\/{rel}","templated":true}]}}