{"id":6679,"date":"2015-09-01T14:34:00","date_gmt":"2015-09-01T19:34:00","guid":{"rendered":"https:\/\/emisora.univalle.edu.co\/\/?p=6679"},"modified":"2015-09-01T14:34:00","modified_gmt":"2015-09-01T19:34:00","slug":"presentan-plan-de-ciclorrutas-del-mio-mejoramiento-de-ciclovias-y-bicicletada-por-cali","status":"publish","type":"post","link":"https:\/\/emisora.univalle.edu.co\/index.php\/presentan-plan-de-ciclorrutas-del-mio-mejoramiento-de-ciclovias-y-bicicletada-por-cali\/","title":{"rendered":"Presentan plan de ciclorrutas del MIO, mejoramiento de ciclov\u00edas y Bicicletada por Cali"},"content":{"rendered":"<p><span style=\"line-height: 1.5em;\">Este mi\u00e9rcoles 2 de septiembre ser\u00e1n presentados en rueda de prensa el Plan de Ciclorrutas del MIO por parte de Metrocali, el plan de mejoramiento de las ciclov\u00edas a cargo de la Secretar\u00eda de Infraestructura y la Gran Bicicletada Cali 2015, organizada por la Fundaci\u00f3n Fhico y\u00a0 Fundartes, con el apoyo de la Alcald\u00eda de Santiago de Cali.<\/span><\/p>\n<p>Se busca promover conciencia en el uso de la bicicleta, por lo que se invita a los cale\u00f1os a participar de la quinta versi\u00f3n del ciclopaseo del 27 de septiembre a las 8:00 a.m., con un recorrido de 37\u00a0 kil\u00f3metros, desde el CAM las Canchas Panamericanas, en el que se espera la participaci\u00f3n de 200.000 personas, entre ciclistas y espectadores.<\/p>\n<p>Lugar: ciclorruta calle 5\u00aa con carrera 94, al pie de la estaci\u00f3n del MIO Mel\u00e9ndez, sector oriental, sentido sur-norte.<\/p>\n<p>Hora: 9:30 a.m.<\/p>\n<p>Fecha: mi\u00e9rcoles 2 de septiembre<\/p>\n<p>Fuente: Comunicaciones Alcald\u00eda<\/p>\n","protected":false},"excerpt":{"rendered":"<p>Este mi\u00e9rcoles 2 de septiembre ser\u00e1n presentados en rueda de prensa el Plan de Ciclorrutas del MIO por parte de Metrocali, el plan de mejoramiento de las ciclov\u00edas a cargo de la Secretar\u00eda de Infraestructura y la Gran Bicicletada Cali 2015, organizada por la Fundaci\u00f3n Fhico y\u00a0 Fundartes, con el[&#8230;]<\/p>\n","protected":false},"author":1,"featured_media":6660,"comment_status":"open","ping_status":"open","sticky":false,"template":"","format":"standard","meta":{"footnotes":""},"categories":[4],"tags":[],"_links":{"self":[{"href":"https:\/\/emisora.univalle.edu.co\/index.php\/wp-json\/wp\/v2\/posts\/6679"}],"collection":[{"href":"https:\/\/emisora.univalle.edu.co\/index.php\/wp-json\/wp\/v2\/posts"}],"about":[{"href":"https:\/\/emisora.univalle.edu.co\/index.php\/wp-json\/wp\/v2\/types\/post"}],"author":[{"embeddable":true,"href":"https:\/\/emisora.univalle.edu.co\/index.php\/wp-json\/wp\/v2\/users\/1"}],"replies":[{"embeddable":true,"href":"https:\/\/emisora.univalle.edu.co\/index.php\/wp-json\/wp\/v2\/comments?post=6679"}],"version-history":[{"count":1,"href":"https:\/\/emisora.univalle.edu.co\/index.php\/wp-json\/wp\/v2\/posts\/6679\/revisions"}],"predecessor-version":[{"id":6680,"href":"https:\/\/emisora.univalle.edu.co\/index.php\/wp-json\/wp\/v2\/posts\/6679\/revisions\/6680"}],"wp:featuredmedia":[{"embeddable":true,"href":"https:\/\/emisora.univalle.edu.co\/index.php\/wp-json\/wp\/v2\/media\/6660"}],"wp:attachment":[{"href":"https:\/\/emisora.univalle.edu.co\/index.php\/wp-json\/wp\/v2\/media?parent=6679"}],"wp:term":[{"taxonomy":"category","embeddable":true,"href":"https:\/\/emisora.univalle.edu.co\/index.php\/wp-json\/wp\/v2\/categories?post=6679"},{"taxonomy":"post_tag","embeddable":true,"href":"https:\/\/emisora.univalle.edu.co\/index.php\/wp-json\/wp\/v2\/tags?post=6679"}],"curies":[{"name":"wp","href":"https:\/\/api.w.org\/{rel}","templated":true}]}}