{"id":6685,"date":"2015-09-01T14:37:59","date_gmt":"2015-09-01T19:37:59","guid":{"rendered":"https:\/\/emisora.univalle.edu.co\/\/?p=6685"},"modified":"2015-09-01T14:37:59","modified_gmt":"2015-09-01T19:37:59","slug":"comenzaron-jornadas-del-programa-aire-limpio-para-cali","status":"publish","type":"post","link":"https:\/\/emisora.univalle.edu.co\/index.php\/comenzaron-jornadas-del-programa-aire-limpio-para-cali\/","title":{"rendered":"Comenzaron jornadas del programa Aire Limpio para Cali"},"content":{"rendered":"<p><span style=\"line-height: 1.5em;\">La Alcald\u00eda de Santiago de Cali a trav\u00e9s del Dagma, la Corporaci\u00f3n Aut\u00f3noma Regional del Valle del Cauca \u2013CVC- y el Clean Air Institute, iniciaron este 31 de agosto, la primera jornada de trabajo para la elaboraci\u00f3n del \u2018Programa de Aire Limpio para Santiago de Cali\u2019.<\/span><\/p>\n<p>El Programa de Aire se desarrolla en el marco del Convenio Interinstitucional suscrito entre el Dagma, el Clean Air Institute y la CVC, el cual ser\u00e1 el documento maestro para mejorar\u00a0 la calidad del aire en la ciudad y la protecci\u00f3n a la salud de la poblaci\u00f3n.<\/p>\n<p>\u201cEntendiendo que la mejora de la calidad del aire es un proceso que involucra a los diferentes actores de la sociedad, tanto a la industria, el comercio y el transporte, como a la comunidad en general\u201d, coment\u00f3 Gisella Arizabaleta, l\u00edder del grupo de Calidad del Aire del Dagma.<\/p>\n<p>Durante este lunes se realiz\u00f3 la visita a las estaciones de monitoreo del Sistema de Vigilancia de Calidad de Aire de Santiago de Cali y se definieron los aspectos t\u00e9cnico y el plan de trabajo del proyecto.<\/p>\n<p>Igualmente, se convoc\u00f3 a diferentes universidades de la ciudad para que participaran con propuestas en la construcci\u00f3n del plan de trabajo del Programa.<\/p>\n<p>Sergio S\u00e1nchez, director del Instituto de Aire Limpio, con sede en Washington D.C., afirm\u00f3 que \u201cel Sistema de Vigilancia de la calidad del aire con el que cuenta Santiago de Cali es una de las m\u00e1s completas de Am\u00e9rica Latina\u201d.<\/p>\n<p>Este martes 1 de septiembre se socializar\u00e1 el programa con empresarios y agremiaciones de los sectores energ\u00e9ticos y de transporte y se establecer\u00e1n acuerdos para contribuir a mejorar procesos industriales que aporten a la calidad del aire de la ciudad.<\/p>\n<p>Finalmente, se firmar\u00e1 el convenio entre las directivas del Dagma y CVC para darle inicio a esta nueva etapa y continuar mejorando los est\u00e1ndares de calidad de aire de la ciudad.<\/p>\n<p>Fuente: Comunicaciones Alcald\u00eda<\/p>\n","protected":false},"excerpt":{"rendered":"<p>La Alcald\u00eda de Santiago de Cali a trav\u00e9s del Dagma, la Corporaci\u00f3n Aut\u00f3noma Regional del Valle del Cauca \u2013CVC- y el Clean Air Institute, iniciaron este 31 de agosto, la primera jornada de trabajo para la elaboraci\u00f3n del \u2018Programa de Aire Limpio para Santiago de Cali\u2019. El Programa de Aire[&#8230;]<\/p>\n","protected":false},"author":1,"featured_media":6656,"comment_status":"open","ping_status":"open","sticky":false,"template":"","format":"standard","meta":{"footnotes":""},"categories":[4],"tags":[],"_links":{"self":[{"href":"https:\/\/emisora.univalle.edu.co\/index.php\/wp-json\/wp\/v2\/posts\/6685"}],"collection":[{"href":"https:\/\/emisora.univalle.edu.co\/index.php\/wp-json\/wp\/v2\/posts"}],"about":[{"href":"https:\/\/emisora.univalle.edu.co\/index.php\/wp-json\/wp\/v2\/types\/post"}],"author":[{"embeddable":true,"href":"https:\/\/emisora.univalle.edu.co\/index.php\/wp-json\/wp\/v2\/users\/1"}],"replies":[{"embeddable":true,"href":"https:\/\/emisora.univalle.edu.co\/index.php\/wp-json\/wp\/v2\/comments?post=6685"}],"version-history":[{"count":1,"href":"https:\/\/emisora.univalle.edu.co\/index.php\/wp-json\/wp\/v2\/posts\/6685\/revisions"}],"predecessor-version":[{"id":6686,"href":"https:\/\/emisora.univalle.edu.co\/index.php\/wp-json\/wp\/v2\/posts\/6685\/revisions\/6686"}],"wp:featuredmedia":[{"embeddable":true,"href":"https:\/\/emisora.univalle.edu.co\/index.php\/wp-json\/wp\/v2\/media\/6656"}],"wp:attachment":[{"href":"https:\/\/emisora.univalle.edu.co\/index.php\/wp-json\/wp\/v2\/media?parent=6685"}],"wp:term":[{"taxonomy":"category","embeddable":true,"href":"https:\/\/emisora.univalle.edu.co\/index.php\/wp-json\/wp\/v2\/categories?post=6685"},{"taxonomy":"post_tag","embeddable":true,"href":"https:\/\/emisora.univalle.edu.co\/index.php\/wp-json\/wp\/v2\/tags?post=6685"}],"curies":[{"name":"wp","href":"https:\/\/api.w.org\/{rel}","templated":true}]}}