{"id":6690,"date":"2015-09-01T14:42:44","date_gmt":"2015-09-01T19:42:44","guid":{"rendered":"https:\/\/emisora.univalle.edu.co\/\/?p=6690"},"modified":"2015-09-01T14:42:44","modified_gmt":"2015-09-01T19:42:44","slug":"diseno-sostenible-en-el-decatlon-solar-otra-manera-de-hacer-vivienda","status":"publish","type":"post","link":"https:\/\/emisora.univalle.edu.co\/index.php\/diseno-sostenible-en-el-decatlon-solar-otra-manera-de-hacer-vivienda\/","title":{"rendered":"Dise\u00f1o sostenible en el Decatl\u00f3n Solar: Otra manera de hacer vivienda"},"content":{"rendered":"<p><span style=\"line-height: 1.5em;\">Por Dennis Rubio, para el Peri\u00f3dico Campus. Agosto 2015.<\/span><\/p>\n<p>\u00bfSe imagina que pueda existir una vivienda ecol\u00f3gica que se abastece de energ\u00eda solar,\u00a0 rural, con un\u00a0 terreno productivo y que adem\u00e1s recupera parte de la tradici\u00f3n arquitect\u00f3nica colombiana? ECOsistema es el prototipo que la Universidad exhibir\u00e1 como anfitriona en la competencia\u00a0 Decatl\u00f3n Solar para Am\u00e9rica Latina y el Caribe, la de mayor prestigio a nivel mundial dedicada a la arquitectura sostenible.<a href=\"https:\/\/emisora.univalle.edu.co\/\/wp-content\/uploads\/2015\/09\/Decatlon-solar.jpg\" data-lightbox=\"gal[6690]\"><img loading=\"lazy\" decoding=\"async\" class=\"alignright size-medium wp-image-6663\" alt=\"Decatlon solar\" src=\"https:\/\/emisora.univalle.edu.co\/\/wp-content\/uploads\/2015\/09\/Decatlon-solar-300x199.jpg\" width=\"300\" height=\"199\" srcset=\"https:\/\/emisora.univalle.edu.co\/wp-content\/uploads\/2015\/09\/Decatlon-solar-300x199.jpg 300w, https:\/\/emisora.univalle.edu.co\/wp-content\/uploads\/2015\/09\/Decatlon-solar-438x291.jpg 438w, https:\/\/emisora.univalle.edu.co\/wp-content\/uploads\/2015\/09\/Decatlon-solar.jpg 800w\" sizes=\"(max-width: 300px) 100vw, 300px\" \/><\/a><\/p>\n<p>Talento joven, innovaci\u00f3n y trabajo con las comunidades es a lo que ha recurrido un equipo de estudiantes de Arquitectura de la Universidad del Valle con su proyecto ECOsistema, el prototipo de vivienda sostenible ganador en el Seminario Interdisciplinario de sostenibilidad, una materia electiva profesional que se cre\u00f3 en el semestre febrero \u2013 junio de 2015, para que los estudiantes de los programas acad\u00e9micos de ingenier\u00edas el\u00e9ctrica, de materiales, mec\u00e1nica, civil, ambiental, sanitaria y agr\u00edcola, de Dise\u00f1o Industrial y Gr\u00e1fico y de Arquitectura de la Universidad del Valle que quisieran participar del Decatl\u00f3n Solar, formaran equipos multidisciplinarios y trabajaran en un prototipo de vivienda sostenible, de exhibici\u00f3n.<\/p>\n<p>Fue el equipo integrado por Marcela Salcedo, Stephanie Finlay, Remi Mendoza y Jos\u00e9 Lu\u00eds Padilla, estudiantes de Arquitectura de la Universidad del Valle,\u00a0 quienes de la mano de un dise\u00f1ador industrial, un ingeniero sanitario, un el\u00e9ctrico, un mec\u00e1nico y un civil, todos egresados de la Universidad del Valle, cumplieron todos los par\u00e1metros exigidos por los docentes y el Decatl\u00f3n Solar, y desarrollaron el proyecto m\u00e1s completo con miras al Concurso con su prototipo ECOsistema.<\/p>\n<p><a href=\"https:\/\/emisora.univalle.edu.co\/\/wp-content\/uploads\/2015\/09\/Decatlon-solar1.jpg\" data-lightbox=\"gal[6690]\"><img loading=\"lazy\" decoding=\"async\" class=\" wp-image-6664 alignleft\" alt=\"Decatlon solar1\" src=\"https:\/\/emisora.univalle.edu.co\/\/wp-content\/uploads\/2015\/09\/Decatlon-solar1.jpg\" width=\"560\" height=\"373\" srcset=\"https:\/\/emisora.univalle.edu.co\/wp-content\/uploads\/2015\/09\/Decatlon-solar1.jpg 800w, https:\/\/emisora.univalle.edu.co\/wp-content\/uploads\/2015\/09\/Decatlon-solar1-300x199.jpg 300w, https:\/\/emisora.univalle.edu.co\/wp-content\/uploads\/2015\/09\/Decatlon-solar1-438x291.jpg 438w\" sizes=\"(max-width: 560px) 100vw, 560px\" \/><\/a>En el Decatl\u00f3n Solar, los equipos participantes son evaluados bajo diez criterios centrales en el dise\u00f1o de las viviendas: arquitectura, ingenier\u00eda y construcci\u00f3n, eficiencia energ\u00e9tica, balance de la energ\u00eda el\u00e9ctrica, confort, sostenibilidad, funcionalidad de la vivienda, mercadeo y comunicaciones, dise\u00f1o urbano y viabilidad e innovaci\u00f3n.<\/p>\n<p>La idea, seg\u00fan comenta el docente del curso Pablo Buitrago, era que todos los estudiantes y profesionales trabajaran juntos, se mezclaran y fueran desarrollando, cada uno desde su disciplina, el aporte debido para una vivienda sostenible.<\/p>\n<p>Y es que durante el Seminario muchos de los prototipos base con los que los equipos trabajaron consist\u00edan en una vivienda rural para una zona del Corregimiento de El Hormiguero. Esta zona, cercana al R\u00edo Cauca, fue declarada por el nuevo Plan de Ordenamiento Territorial de Cali como \u201czona rural de desarrollo sostenible\u201d y est\u00e1 habitada por muchas familias con una situaci\u00f3n social y econ\u00f3mica dif\u00edcil a quienes el Municipio debe desalojar.<\/p>\n<p>\u201cLos habitantes de esta zona est\u00e1n asentados all\u00ed y hacinados en sitios espec\u00edficos, ocupados por cultivos extensivos \u2013a\u00f1ade Buitrago\u2013, estamos tratando de proponer, mediante el prototipo para el Concurso, una ocupaci\u00f3n mucho m\u00e1s sostenible del territorio, en donde toda la gente participe de la explotaci\u00f3n de la zona con una agricultura ecol\u00f3gica.\u201d<\/p>\n<p>As\u00ed fue como ECOsistema ide\u00f3 su prototipo de vivienda, buscando la integraci\u00f3n del corregimiento con el entorno, con la intenci\u00f3n de rescatar la riqueza cultural y natural del lugar.<\/p>\n<p>Generando nuevos procesos de desarrollo de vivienda<\/p>\n<p>\u201cEn los dos extremos de El Hormiguero hay un espacio de reserva natural. Decidimos partir del fortalecimiento de estas dos zonas para que la tensi\u00f3n entre ellas estructurara la propuesta\u201d, explica Stephanie Finlay, estudiante de Univalle e integrante de ECOsistema.<\/p>\n<p>En el extremo occidental del Corregimiento se conserva un humedal acompa\u00f1ado de \u00e1rboles de gran tama\u00f1o. \u201cQuisimos extender este ambiente hasta la entrada del Corregimiento y proponer unos equipamientos institucionales de gran escala, que, inmersos en la sombra de los \u00e1rboles, le dan a \u00e9ste ambiente el car\u00e1cter de Parque Cultural\u201d, a\u00f1ade Jos\u00e9 Luis Padilla.<\/p>\n<p>En el extremo oeste hay un \u00e1rea protegida que corresponde al aislamiento normativo del r\u00edo Cauca. \u201cPensar en la protecci\u00f3n del corregimiento contra inundaciones nos llev\u00f3 a concebir un sendero elevado sobre un jarill\u00f3n que recorre el r\u00edo a lo largo de la propuesta, con espacios de protecci\u00f3n con guaduales, espacios naturales de descanso, playas que reviven la relaci\u00f3n con el r\u00edo y espacios para actividades de sostenibilidad ambiental\u201d, comenta Remi Mendoza, integrante de ECOsistema. El conjunto ha sido llamado \u201cParque Natural del R\u00edo\u201d.<\/p>\n<p>Adem\u00e1s, una parte de esta zona es usada como punto de descarga de la arena que es extra\u00edda r\u00edo arriba. \u201cComo la venta de la arena es una de las actividades m\u00e1s importantes del Corregimiento, proponemos normalizar la extracci\u00f3n y complementarla con un equipamiento donde serealice el lavado: un valor agregado\u201d, explica Marcela Salcedo.<\/p>\n<p>Por la tensi\u00f3n que generan estos parques, se hace efectivo un cord\u00f3n verde con ramificaciones (en donde ir\u00edan las viviendas) que integren la propuesta con la estructura rural existente. En el cord\u00f3n hay un espacio para el mercado m\u00f3vil y graneros que disponen las cosechas de toda la comunidad y fortalecen la relaci\u00f3n de la casa con la calle.<\/p>\n<p>Una vivienda integral y sostenible<\/p>\n<p>La concepci\u00f3n de la propuesta de los estudiantes gir\u00f3 en torno a la integraci\u00f3n espacial de la casa con la calle y el terreno productivo: una caracter\u00edstica recurrente en la arquitectura tradicional colombiana.<\/p>\n<p>\u201cManteniendo este concepto, ubicamos corredores en el frente y en la parte trasera de la casa que, unidos por una nave libre y de uso social, le dan continuidad al entorno y articulan la estaci\u00f3n de servicios con las habitaciones. Una de estas habitaciones es independiente y se abre al corredor de la fachada frontal, para ser utilizada como una actividad rentable, de almacenamiento, o como una habitaci\u00f3n adicional\u201d, explica Marcela Salcedo.<\/p>\n<p>Pero la integraci\u00f3n de la casa con el entorno no s\u00f3lo se da en la espacialidad sino tambi\u00e9n en la materialidad, ya que la guadua, material principal de la casa, al tener m\u00ednimas transformaciones para su uso en la construcci\u00f3n, conserva la relaci\u00f3n directa con su origen natural.<\/p>\n<p>La propuesta de ECOsistema integra los aspectos ambientales, econ\u00f3micos y sociales, gracias a todo un proceso de investigaci\u00f3n, visitas y charlas con residentes de la comunidad de El Hormiguero, en las que los estudiantes pudieron recoger sus valores culturales y ambientales para hacer una propuesta de vivienda acorde.<\/p>\n<p>As\u00ed fue como desarrollaron una vivienda con tecnolog\u00edas sostenibles, paneles solares, reutilizaci\u00f3n de las aguas y confort a trav\u00e9s de los materiales.<\/p>\n<p>Todos los estudiantes que desarrollaron una propuesta de prototipo en el Seminario colaborar\u00e1n en el perfeccionamiento de ECOsistema, para luego pasar a construirla en la Villa Solar, ubicada en el Campus Mel\u00e9ndez de la Universidad, en donde 16 equipos de todo el mundo competir\u00e1n por el premio a la mejor vivienda sostenible.<\/p>\n<p>El reto de los locales<\/p>\n<p>A pesar de que la Universidad no puede participar en el Concurso, el Decatl\u00f3n Solar es una gran oportunidad para mostrar la calidad acad\u00e9mica de la Instituci\u00f3n.<\/p>\n<p>\u201cA diferencia de los otros equipos participantes,\u00a0 integrados por asociaciones de varias universidades y centros acad\u00e9micos de todo el mundo, nosotros contamos con todo el desarrollo t\u00e9cnico asociado a la exigencia del concurso aqu\u00ed mismo, dentro de la Universidad. Tenemos los grupos de investigaci\u00f3n en todas las \u00e1reas, que puedan cubrir sin ning\u00fan problema las exigencias del Decatl\u00f3n. Hubi\u00e9ramos querido concursar.\u201d, expresa el docente Pablo Buitrago.<\/p>\n<p>Con el Decatl\u00f3n Solar, sin duda Cali aprender\u00e1 sobre c\u00f3mo generar procesos distintos de desarrollo de vivienda sostenible.<\/p>\n<p>Fuente: Agencia de Noticias Univalle<\/p>\n<p><a href=\"https:\/\/emisora.univalle.edu.co\/\/wp-content\/uploads\/2015\/09\/Decatlon-solar2.jpg\" data-lightbox=\"gal[6690]\"><img loading=\"lazy\" decoding=\"async\" class=\"alignright size-full wp-image-6665\" alt=\"Decatlon solar2\" src=\"https:\/\/emisora.univalle.edu.co\/\/wp-content\/uploads\/2015\/09\/Decatlon-solar2.jpg\" width=\"733\" height=\"800\" srcset=\"https:\/\/emisora.univalle.edu.co\/wp-content\/uploads\/2015\/09\/Decatlon-solar2.jpg 733w, https:\/\/emisora.univalle.edu.co\/wp-content\/uploads\/2015\/09\/Decatlon-solar2-274x300.jpg 274w, https:\/\/emisora.univalle.edu.co\/wp-content\/uploads\/2015\/09\/Decatlon-solar2-438x478.jpg 438w\" sizes=\"(max-width: 733px) 100vw, 733px\" \/><\/a><\/p>\n","protected":false},"excerpt":{"rendered":"<p>Por Dennis Rubio, para el Peri\u00f3dico Campus. Agosto 2015. \u00bfSe imagina que pueda existir una vivienda ecol\u00f3gica que se abastece de energ\u00eda solar,\u00a0 rural, con un\u00a0 terreno productivo y que adem\u00e1s recupera parte de la tradici\u00f3n arquitect\u00f3nica colombiana? ECOsistema es el prototipo que la Universidad exhibir\u00e1 como anfitriona en la[&#8230;]<\/p>\n","protected":false},"author":1,"featured_media":6666,"comment_status":"open","ping_status":"open","sticky":false,"template":"","format":"standard","meta":{"footnotes":""},"categories":[4],"tags":[],"_links":{"self":[{"href":"https:\/\/emisora.univalle.edu.co\/index.php\/wp-json\/wp\/v2\/posts\/6690"}],"collection":[{"href":"https:\/\/emisora.univalle.edu.co\/index.php\/wp-json\/wp\/v2\/posts"}],"about":[{"href":"https:\/\/emisora.univalle.edu.co\/index.php\/wp-json\/wp\/v2\/types\/post"}],"author":[{"embeddable":true,"href":"https:\/\/emisora.univalle.edu.co\/index.php\/wp-json\/wp\/v2\/users\/1"}],"replies":[{"embeddable":true,"href":"https:\/\/emisora.univalle.edu.co\/index.php\/wp-json\/wp\/v2\/comments?post=6690"}],"version-history":[{"count":1,"href":"https:\/\/emisora.univalle.edu.co\/index.php\/wp-json\/wp\/v2\/posts\/6690\/revisions"}],"predecessor-version":[{"id":6691,"href":"https:\/\/emisora.univalle.edu.co\/index.php\/wp-json\/wp\/v2\/posts\/6690\/revisions\/6691"}],"wp:featuredmedia":[{"embeddable":true,"href":"https:\/\/emisora.univalle.edu.co\/index.php\/wp-json\/wp\/v2\/media\/6666"}],"wp:attachment":[{"href":"https:\/\/emisora.univalle.edu.co\/index.php\/wp-json\/wp\/v2\/media?parent=6690"}],"wp:term":[{"taxonomy":"category","embeddable":true,"href":"https:\/\/emisora.univalle.edu.co\/index.php\/wp-json\/wp\/v2\/categories?post=6690"},{"taxonomy":"post_tag","embeddable":true,"href":"https:\/\/emisora.univalle.edu.co\/index.php\/wp-json\/wp\/v2\/tags?post=6690"}],"curies":[{"name":"wp","href":"https:\/\/api.w.org\/{rel}","templated":true}]}}