{"id":6713,"date":"2015-09-02T10:20:24","date_gmt":"2015-09-02T15:20:24","guid":{"rendered":"https:\/\/emisora.univalle.edu.co\/\/?p=6713"},"modified":"2015-09-02T10:43:24","modified_gmt":"2015-09-02T15:43:24","slug":"en-el-mes-del-patrimonio-puente-de-la-libertad-en-buga-es-declarado-bien-de-interes-cultural-de-colombia","status":"publish","type":"post","link":"https:\/\/emisora.univalle.edu.co\/index.php\/en-el-mes-del-patrimonio-puente-de-la-libertad-en-buga-es-declarado-bien-de-interes-cultural-de-colombia\/","title":{"rendered":"En el mes del Patrimonio, Puente de la Libertad en Buga es declarado bien de inter\u00e9s cultural de Colombia"},"content":{"rendered":"<p><span style=\"line-height: 1.5em;\">Uno de los bienes inmuebles, icono de la arquitectura de la Ciudad Se\u00f1ora, ha sido declarado Bien de Inter\u00e9s Cultural Nacional por parte del Gobierno de Colombia a trav\u00e9s del Ministerio de Cultura.<\/span><\/p>\n<p><a href=\"https:\/\/emisora.univalle.edu.co\/\/wp-content\/uploads\/2015\/09\/Puente-de-la-LIbertad-de-Buga.jpg\" data-lightbox=\"gal[6713]\"><img loading=\"lazy\" decoding=\"async\" class=\"alignright  wp-image-6710\" alt=\"Puente de la LIbertad de Buga\" src=\"https:\/\/emisora.univalle.edu.co\/\/wp-content\/uploads\/2015\/09\/Puente-de-la-LIbertad-de-Buga.jpg\" width=\"645\" height=\"330\" srcset=\"https:\/\/emisora.univalle.edu.co\/wp-content\/uploads\/2015\/09\/Puente-de-la-LIbertad-de-Buga.jpg 921w, https:\/\/emisora.univalle.edu.co\/wp-content\/uploads\/2015\/09\/Puente-de-la-LIbertad-de-Buga-300x153.jpg 300w, https:\/\/emisora.univalle.edu.co\/wp-content\/uploads\/2015\/09\/Puente-de-la-LIbertad-de-Buga-438x223.jpg 438w\" sizes=\"(max-width: 645px) 100vw, 645px\" \/><\/a>Se trata del emblem\u00e1tico Puente de la Libertad, cuyos trabajos de construcci\u00f3n iniciaron en el a\u00f1o de 1897, considerado a su vez uno de los puentes m\u00e1s bellos de la regi\u00f3n, dada su est\u00e9tica y vinculaci\u00f3n con el entorno.<\/p>\n<p>Seg\u00fan las consideraciones realizadas por el ente nacional, el Puente de la Libertad \u201cconstituye para los bugue\u00f1os un importante referente en su historia\u201d pues \u201cgracias a \u00e9l, la ciudad empez\u00f3 una serie de transformaciones urbanas\u201d. A trav\u00e9s del puente \u201cllegaron a la ciudad importantes personalidades y gentes del com\u00fan\u201d, siendo este uno de los conectores con el desarrollo nacional, al ser paso obligado hac\u00eda el sur del pa\u00eds.<\/p>\n<p>Para el Alcalde Municipal Magister John Harold Su\u00e1rez Vargas, este nuevo reconocimiento a Guadalajara de Buga, que hace poco tambi\u00e9n ingres\u00f3 a la Red de Pueblos Patrimonio de Colombia, es un testimonio del trabajo que por a\u00f1os se ha venido llevando a cabo en la conservaci\u00f3n de los bienes patrimoniales de la ciudad, y que se ve reflejado en la recuperaci\u00f3n de los bienes p\u00fablicos m\u00e1s importantes de la arquitectura bugue\u00f1a como el Teatro Municipal, la Estaci\u00f3n del Ferrocarril, entre otros.<\/p>\n<p>\u201cEs un privilegio como mandatario el tener en mi per\u00edodo como alcalde un nuevo bien inmueble de inter\u00e9s cultural nacional, que se suma al importante patrimonio arquitect\u00f3nico que tambi\u00e9n ha sido reconocido al ingresas a la Red de Pueblos Patrimonio de Colombia y poder ejecutar la primera fase del Plan de Manejo y Protecci\u00f3n del Centro Hist\u00f3rico de Buga con la recuperaci\u00f3n del Parque de Bol\u00edvar y la nueva v\u00eda semipeatonal de la carrera 13, detr\u00e1s de la imponente Bas\u00edlica del Se\u00f1or de los Milagros\u201d afirm\u00f3 el gobernante local.<\/p>\n<p><a href=\"https:\/\/emisora.univalle.edu.co\/\/wp-content\/uploads\/2015\/09\/Puente-de-la-LIbertad-de-Buga3.jpg\" data-lightbox=\"gal[6713]\"><img loading=\"lazy\" decoding=\"async\" class=\" wp-image-6712 alignleft\" alt=\"Puente de la LIbertad de Buga3\" src=\"https:\/\/emisora.univalle.edu.co\/\/wp-content\/uploads\/2015\/09\/Puente-de-la-LIbertad-de-Buga3.jpg\" width=\"480\" height=\"360\" srcset=\"https:\/\/emisora.univalle.edu.co\/wp-content\/uploads\/2015\/09\/Puente-de-la-LIbertad-de-Buga3.jpg 800w, https:\/\/emisora.univalle.edu.co\/wp-content\/uploads\/2015\/09\/Puente-de-la-LIbertad-de-Buga3-300x225.jpg 300w, https:\/\/emisora.univalle.edu.co\/wp-content\/uploads\/2015\/09\/Puente-de-la-LIbertad-de-Buga3-438x328.jpg 438w\" sizes=\"(max-width: 480px) 100vw, 480px\" \/><\/a>La inclusi\u00f3n del Puente de la Libertad como Bien de Inter\u00e9s Cultural Nacional se da en la Resoluci\u00f3n 1941 de 2015 del Ministerio de Cultura, firmada por la Ministra Mariana Garc\u00e9s.<\/p>\n<p>Fuente: Comunicaciones Buga.<\/p>\n","protected":false},"excerpt":{"rendered":"<p>Uno de los bienes inmuebles, icono de la arquitectura de la Ciudad Se\u00f1ora, ha sido declarado Bien de Inter\u00e9s Cultural Nacional por parte del Gobierno de Colombia a trav\u00e9s del Ministerio de Cultura. Se trata del emblem\u00e1tico Puente de la Libertad, cuyos trabajos de construcci\u00f3n iniciaron en el a\u00f1o de[&#8230;]<\/p>\n","protected":false},"author":1,"featured_media":6711,"comment_status":"open","ping_status":"open","sticky":false,"template":"","format":"standard","meta":{"footnotes":""},"categories":[4],"tags":[],"_links":{"self":[{"href":"https:\/\/emisora.univalle.edu.co\/index.php\/wp-json\/wp\/v2\/posts\/6713"}],"collection":[{"href":"https:\/\/emisora.univalle.edu.co\/index.php\/wp-json\/wp\/v2\/posts"}],"about":[{"href":"https:\/\/emisora.univalle.edu.co\/index.php\/wp-json\/wp\/v2\/types\/post"}],"author":[{"embeddable":true,"href":"https:\/\/emisora.univalle.edu.co\/index.php\/wp-json\/wp\/v2\/users\/1"}],"replies":[{"embeddable":true,"href":"https:\/\/emisora.univalle.edu.co\/index.php\/wp-json\/wp\/v2\/comments?post=6713"}],"version-history":[{"count":1,"href":"https:\/\/emisora.univalle.edu.co\/index.php\/wp-json\/wp\/v2\/posts\/6713\/revisions"}],"predecessor-version":[{"id":6714,"href":"https:\/\/emisora.univalle.edu.co\/index.php\/wp-json\/wp\/v2\/posts\/6713\/revisions\/6714"}],"wp:featuredmedia":[{"embeddable":true,"href":"https:\/\/emisora.univalle.edu.co\/index.php\/wp-json\/wp\/v2\/media\/6711"}],"wp:attachment":[{"href":"https:\/\/emisora.univalle.edu.co\/index.php\/wp-json\/wp\/v2\/media?parent=6713"}],"wp:term":[{"taxonomy":"category","embeddable":true,"href":"https:\/\/emisora.univalle.edu.co\/index.php\/wp-json\/wp\/v2\/categories?post=6713"},{"taxonomy":"post_tag","embeddable":true,"href":"https:\/\/emisora.univalle.edu.co\/index.php\/wp-json\/wp\/v2\/tags?post=6713"}],"curies":[{"name":"wp","href":"https:\/\/api.w.org\/{rel}","templated":true}]}}