{"id":6715,"date":"2015-09-02T10:27:26","date_gmt":"2015-09-02T15:27:26","guid":{"rendered":"https:\/\/emisora.univalle.edu.co\/\/?p=6715"},"modified":"2015-09-02T10:27:26","modified_gmt":"2015-09-02T15:27:26","slug":"murio-el-director-director-de-teatro-farley-velasquez","status":"publish","type":"post","link":"https:\/\/emisora.univalle.edu.co\/index.php\/murio-el-director-director-de-teatro-farley-velasquez\/","title":{"rendered":"Muri\u00f3 el director director de teatro Farley Vel\u00e1squez"},"content":{"rendered":"<p><span style=\"line-height: 1.5em;\"><a href=\"https:\/\/emisora.univalle.edu.co\/\/wp-content\/uploads\/2015\/09\/Farley1.jpg\" data-lightbox=\"gal[6715]\"><img loading=\"lazy\" decoding=\"async\" class=\"alignright  wp-image-6703\" alt=\"Farley1\" src=\"https:\/\/emisora.univalle.edu.co\/\/wp-content\/uploads\/2015\/09\/Farley1.jpg\" width=\"477\" height=\"716\" srcset=\"https:\/\/emisora.univalle.edu.co\/wp-content\/uploads\/2015\/09\/Farley1.jpg 530w, https:\/\/emisora.univalle.edu.co\/wp-content\/uploads\/2015\/09\/Farley1-200x300.jpg 200w, https:\/\/emisora.univalle.edu.co\/wp-content\/uploads\/2015\/09\/Farley1-438x657.jpg 438w\" sizes=\"(max-width: 477px) 100vw, 477px\" \/><\/a>El fundador de la Corporaci\u00f3n Teatro La Hora 25 muri\u00f3 en la ciudad de Medell\u00edn a los 49 a\u00f1os de edad. Obtuvo en el 2007 el Premio Nacional de Direcci\u00f3n Montaje Teatral con la obra \u2018Electra\u2019 en el Programa Nacional de Est\u00edmulos del Ministerio de Cultura.<\/span><\/p>\n<p>El dramaturgo, actor y director de teatro colombiano Farley Vel\u00e1squez Ochoa, quien falleci\u00f3 en Medell\u00edn, fue considerado uno de los precursores de la dramaturgia en su ciudad natal. El Festival Internacional de Teatro de Manizales realizar\u00e1 un homenaje en su honor en la edici\u00f3n que iniciar\u00e1 el pr\u00f3ximo 4 de septiembre.<\/p>\n<p>Desde muy temprana edad sobresali\u00f3 su vocaci\u00f3n para las artes esc\u00e9nicas. En el barrio Florencia, donde transcurri\u00f3 su infancia y adolescencia, empez\u00f3 organizando sus primeros montajes algunos inspirados por la violencia que se respiraba en ese lugar. Inici\u00f3 estudios de \u2018Artes esc\u00e9nicas\u2019 en la Escuela Popular de Artes (EPA) de Medell\u00edn y en 1989 fund\u00f3 su grupo teatral \u2018Hora 25\u2019 con el cual mont\u00f3 numerosas obras que le valieron un nombre y que le hicieron abrirse paso, entre las cuales se destacan las adaptaciones de obras cl\u00e1sicas como \u2018De dos amores\u2019 (Federico Garc\u00eda Lorca), \u2018Ricardo III El Rey Matapr\u00edncipes\u2019, \u2018The Gangsters B.F.A.\u2019 y \u2018Romeo y Julieta\u2019 (William Shakespeare), \u2018Eros y Thanatos o \u2018Kil\u00f3metro Cero\u2019 (adaptaci\u00f3n de las cruzadas de Michel Azama), \u2018Diario de un ladr\u00f3n\u2019 (Jean Genet), entre muchas otras. Siendo director del grupo esc\u00e9nico de la Universidad Eafit, se destac\u00f3 por realizar montajes como \u2018La mala hora\u2019 y \u2018Cr\u00f3nica de una muerte anunciada\u2019 (Gabriel Garc\u00eda M\u00e1rquez), \u2018El nuevo alumno (versi\u00f3n libre del trabajo hom\u00f3nimo de Andr\u00e9s Caicedo), \u2018H\u00e9cuba\u2019 (Eur\u00edpides), etc.<\/p>\n<p>A la hora de hablar de sus reconocimientos uno de los m\u00e1s valiosos fue el que obtuvo como Premio Nacional de Direcci\u00f3n Montaje Teatral Obra \u2018Electra\u2019 de Eur\u00edpides bajo el Programa Nacional de Est\u00edmulos con el Ministerio de Cultura en 2007. Tambi\u00e9n particip\u00f3 como jurado en el Ministerio de las becas de creaci\u00f3n teatral en el 2013 y en la misma categor\u00eda para j\u00f3venes creadores directores en 2015.<\/p>\n<p>La propuesta est\u00e9tica de Vel\u00e1squez estuvo marcada por los nuevos lenguajes teatrales en la reflexi\u00f3n sobre la condici\u00f3n del hombre actual.\u00a0 En sus m\u00e1s de dos d\u00e9cadas de experiencia, dirigi\u00f3 obras tanto para el Teatro Nacional como para el Festival Iberoamericano de Teatro Bogot\u00e1.\u00a0 Su trabajo se vio influenciado por escritores como Gabriel Garc\u00eda M\u00e1rquez, Franz Kafka, Andr\u00e9s Caicedo, Charles Baudelaire, Arthur Rimbaud; pensadores como Friedich Nietzsche, Harold Bloom y S\u00e9neca; cineastas como Stanley Kubrick, Martin Scorsese, Charles Chaplin y Federico Fellini; dramaturgos como Shakespeare, Jean Genet, V\u00edctor Jara, Bertolt Brecht, Garc\u00eda Lorca, Eur\u00edpides y Jos\u00e9 Manuel Freidel, entre otros personajes del \u00e1mbito cultural.<\/p>\n<p>Fuente: Comunicaciones MinCultura<\/p>\n","protected":false},"excerpt":{"rendered":"<p>El fundador de la Corporaci\u00f3n Teatro La Hora 25 muri\u00f3 en la ciudad de Medell\u00edn a los 49 a\u00f1os de edad. Obtuvo en el 2007 el Premio Nacional de Direcci\u00f3n Montaje Teatral con la obra \u2018Electra\u2019 en el Programa Nacional de Est\u00edmulos del Ministerio de Cultura. El dramaturgo, actor y[&#8230;]<\/p>\n","protected":false},"author":1,"featured_media":6705,"comment_status":"open","ping_status":"open","sticky":false,"template":"","format":"standard","meta":{"footnotes":""},"categories":[4],"tags":[],"_links":{"self":[{"href":"https:\/\/emisora.univalle.edu.co\/index.php\/wp-json\/wp\/v2\/posts\/6715"}],"collection":[{"href":"https:\/\/emisora.univalle.edu.co\/index.php\/wp-json\/wp\/v2\/posts"}],"about":[{"href":"https:\/\/emisora.univalle.edu.co\/index.php\/wp-json\/wp\/v2\/types\/post"}],"author":[{"embeddable":true,"href":"https:\/\/emisora.univalle.edu.co\/index.php\/wp-json\/wp\/v2\/users\/1"}],"replies":[{"embeddable":true,"href":"https:\/\/emisora.univalle.edu.co\/index.php\/wp-json\/wp\/v2\/comments?post=6715"}],"version-history":[{"count":1,"href":"https:\/\/emisora.univalle.edu.co\/index.php\/wp-json\/wp\/v2\/posts\/6715\/revisions"}],"predecessor-version":[{"id":6716,"href":"https:\/\/emisora.univalle.edu.co\/index.php\/wp-json\/wp\/v2\/posts\/6715\/revisions\/6716"}],"wp:featuredmedia":[{"embeddable":true,"href":"https:\/\/emisora.univalle.edu.co\/index.php\/wp-json\/wp\/v2\/media\/6705"}],"wp:attachment":[{"href":"https:\/\/emisora.univalle.edu.co\/index.php\/wp-json\/wp\/v2\/media?parent=6715"}],"wp:term":[{"taxonomy":"category","embeddable":true,"href":"https:\/\/emisora.univalle.edu.co\/index.php\/wp-json\/wp\/v2\/categories?post=6715"},{"taxonomy":"post_tag","embeddable":true,"href":"https:\/\/emisora.univalle.edu.co\/index.php\/wp-json\/wp\/v2\/tags?post=6715"}],"curies":[{"name":"wp","href":"https:\/\/api.w.org\/{rel}","templated":true}]}}