{"id":6717,"date":"2015-09-03T06:00:11","date_gmt":"2015-09-03T11:00:11","guid":{"rendered":"https:\/\/emisora.univalle.edu.co\/\/?p=6717"},"modified":"2015-09-02T10:29:13","modified_gmt":"2015-09-02T15:29:13","slug":"llaman-jovenes-fortalecerse-en-gerencia-para-microempresarios","status":"publish","type":"post","link":"https:\/\/emisora.univalle.edu.co\/index.php\/llaman-jovenes-fortalecerse-en-gerencia-para-microempresarios\/","title":{"rendered":"Llaman a j\u00f3venes a fortalecerse en gerencia para microempresarios"},"content":{"rendered":"<p><span style=\"line-height: 1.5em;\">La Secretar\u00eda de Bienestar Social y la Estrategia de Territorios de Inclusi\u00f3n y Oportunidades \u2013TIOS- abrieron inscripciones para que 40 j\u00f3venes y madres cabezas de hogar con empresas en etapa de iniciaci\u00f3n, y 160 microempresarios en funcionamiento, participen en el \u2018Programa de Fortalecimiento Gerencial a Microempresarios de las Comunas TIOS, con \u00e9nfasis en el uso de las Tecnolog\u00edas de Informaci\u00f3n y Comunicaciones (TIC).<\/span><\/p>\n<p>Luis Alfredo G\u00f3mez Guerrero, secretario de Bienestar Social, indic\u00f3 que los beneficiarios se capacitar\u00e1n mediante la utilizaci\u00f3n de herramientas gerenciales y tecnol\u00f3gicas de la informaci\u00f3n y las comunicaciones.<\/p>\n<p>\u201cCon este programa se pretende adem\u00e1s estimular la asociatividad y la vinculaci\u00f3n a redes empresariales para un mejor desarrollo de empresarios Mipymes de las comunas TIOS\u201d, expres\u00f3 G\u00f3mez.<\/p>\n<p>Este proceso comprende un ciclo de capacitaci\u00f3n en temas gerenciales, acompa\u00f1ados de gu\u00edas o manuales en cada uno de los temas.<\/p>\n<p>Incluye tambi\u00e9n el acompa\u00f1amiento y asesor\u00eda de los participantes y capacitaci\u00f3n en el uso de herramientas tecnol\u00f3gicas para la informaci\u00f3n y comunicaciones que permitan el impulso de\u00a0 sus productos y servicios\u00a0 del micro y peque\u00f1os empresarios participantes y espec\u00edficamente el uso de medios interactivos, para darse a conocer y ofrecer productos y servicios por medios masivos.<\/p>\n<p>La metodolog\u00eda de trabajo incluir\u00e1 clases, talleres, asesor\u00eda y acompa\u00f1amiento por parte de un grupo de expertos de reconocida trayectoria que posibiliten la consolidaci\u00f3n y crecimiento de\u00a0 los microempresarios participantes.<\/p>\n<p>Registro:<\/p>\n<p>Las personas interesadas pueden inscribirse gratuitamente y aprovechar el programa que tendr\u00e1 una intensidad de 100 horas por cada grupo y que se realizar\u00e1 entre septiembre y noviembre.<\/p>\n<p>Podr\u00e1n participar:<\/p>\n<p>&#8211;\u00a0\u00a0\u00a0\u00a0\u00a0\u00a0 J\u00f3venes y madres cabeza de hogar que tengan una idea de negocio o que est\u00e9 en funcionamiento en un tiempo no mayor a seis meses (emprendedores).<\/p>\n<p>&#8211;\u00a0\u00a0\u00a0\u00a0\u00a0\u00a0 Micro y peque\u00f1os empresarios con empresa o negocio en funcionamiento.<\/p>\n<p>&#8211;\u00a0\u00a0\u00a0\u00a0\u00a0\u00a0 Estar dentro de los barrios de comunas TIOS (consultar listado).<\/p>\n<p>&#8211;\u00a0\u00a0\u00a0\u00a0\u00a0\u00a0 Diligenciar formulario de inscripci\u00f3n<\/p>\n<p>Enlace de inscripci\u00f3n:<\/p>\n<p>http:\/\/www.cali.gov.co\/publicaciones\/inscripcion_al_programa_de_apoyo_al_fortalecimiento_empresarial_para_la_mipyme_pub<\/p>\n<p>Puede dirigirse tambi\u00e9n al CALI de su comuna TIOS, o comunicarse a la l\u00ednea 665 2828 extensi\u00f3n 4009, correo <a href=\"mailto:pmicrostios@gmail.com\">pmicrostios@gmail.com<\/a><\/p>\n<p>Fuente: Comunicaciones Alcald\u00eda<\/p>\n","protected":false},"excerpt":{"rendered":"<p>La Secretar\u00eda de Bienestar Social y la Estrategia de Territorios de Inclusi\u00f3n y Oportunidades \u2013TIOS- abrieron inscripciones para que 40 j\u00f3venes y madres cabezas de hogar con empresas en etapa de iniciaci\u00f3n, y 160 microempresarios en funcionamiento, participen en el \u2018Programa de Fortalecimiento Gerencial a Microempresarios de las Comunas TIOS,[&#8230;]<\/p>\n","protected":false},"author":1,"featured_media":6707,"comment_status":"open","ping_status":"open","sticky":false,"template":"","format":"standard","meta":{"footnotes":""},"categories":[4],"tags":[],"_links":{"self":[{"href":"https:\/\/emisora.univalle.edu.co\/index.php\/wp-json\/wp\/v2\/posts\/6717"}],"collection":[{"href":"https:\/\/emisora.univalle.edu.co\/index.php\/wp-json\/wp\/v2\/posts"}],"about":[{"href":"https:\/\/emisora.univalle.edu.co\/index.php\/wp-json\/wp\/v2\/types\/post"}],"author":[{"embeddable":true,"href":"https:\/\/emisora.univalle.edu.co\/index.php\/wp-json\/wp\/v2\/users\/1"}],"replies":[{"embeddable":true,"href":"https:\/\/emisora.univalle.edu.co\/index.php\/wp-json\/wp\/v2\/comments?post=6717"}],"version-history":[{"count":1,"href":"https:\/\/emisora.univalle.edu.co\/index.php\/wp-json\/wp\/v2\/posts\/6717\/revisions"}],"predecessor-version":[{"id":6718,"href":"https:\/\/emisora.univalle.edu.co\/index.php\/wp-json\/wp\/v2\/posts\/6717\/revisions\/6718"}],"wp:featuredmedia":[{"embeddable":true,"href":"https:\/\/emisora.univalle.edu.co\/index.php\/wp-json\/wp\/v2\/media\/6707"}],"wp:attachment":[{"href":"https:\/\/emisora.univalle.edu.co\/index.php\/wp-json\/wp\/v2\/media?parent=6717"}],"wp:term":[{"taxonomy":"category","embeddable":true,"href":"https:\/\/emisora.univalle.edu.co\/index.php\/wp-json\/wp\/v2\/categories?post=6717"},{"taxonomy":"post_tag","embeddable":true,"href":"https:\/\/emisora.univalle.edu.co\/index.php\/wp-json\/wp\/v2\/tags?post=6717"}],"curies":[{"name":"wp","href":"https:\/\/api.w.org\/{rel}","templated":true}]}}