{"id":6721,"date":"2015-09-02T10:31:02","date_gmt":"2015-09-02T15:31:02","guid":{"rendered":"https:\/\/emisora.univalle.edu.co\/\/?p=6721"},"modified":"2015-09-02T10:31:02","modified_gmt":"2015-09-02T15:31:02","slug":"mineducacion-fortalece-practicas-de-buen-gobierno-en-las-ies-publicas-del-pais","status":"publish","type":"post","link":"https:\/\/emisora.univalle.edu.co\/index.php\/mineducacion-fortalece-practicas-de-buen-gobierno-en-las-ies-publicas-del-pais\/","title":{"rendered":"MinEducaci\u00f3n fortalece pr\u00e1cticas de buen gobierno en las IES p\u00fablicas del pa\u00eds"},"content":{"rendered":"<p><span style=\"line-height: 1.5em;\">Continuando con la estrategia de fortalecer la gobernabilidad de las entidades educativas del pa\u00eds, la Ministra de Educaci\u00f3n Gina Parody se reuni\u00f3 con los delegados del Presidente de la Rep\u00fablica ante los Consejos Superiores Universitarios y Directivos de las instituciones de educaci\u00f3n superior p\u00fablicas del pa\u00eds.<\/span><\/p>\n<p>Durante el encuentro fueron socializadas las pol\u00edticas de educaci\u00f3n superior 2014-2018, la Ley de Inspecci\u00f3n y Vigilancia y la estrategia de gobernabilidad y excelencia en la gesti\u00f3n liderada por el equipo de consejos superiores que permite mantener una articulaci\u00f3n con las actividades del sector.<\/p>\n<p>En su intervenci\u00f3n, la jefe de la cartera educativa resalt\u00f3 el papel fundamental de los designados del Presidente en esas instancias para que las pol\u00edticas trazadas por el gobierno nacional, en materia de educaci\u00f3n superior, sean implementadas en las instituciones.<\/p>\n<p>\u00abBasados en estas estrategias de gobernabilidad los invito a trabajar en equipo con mis delegados, juntos lograremos que todas las metas y las pol\u00edticas trazadas en materia de educaci\u00f3n superior sean una realidad\u00bb, resalt\u00f3 la Ministra Parody.<\/p>\n<p>Pol\u00edticas y planes de Fomento, Plan Maestro de Regionalizaci\u00f3n, Sistema Nacional de Educaci\u00f3n Terciaria -SNET-, Modelo de Indicadores del Desempe\u00f1o de la Educaci\u00f3n -MIDE-, y acreditaci\u00f3n, entre otros, fueron algunos de los temas incluidos en la agenda del I Encuentro con Designados del Presidente de la Rep\u00fablica ante los Consejos Superiores y Directivos de las Instituciones de Educaci\u00f3n Superior P\u00fablicas.<\/p>\n<p>Fuente: Comunicaciones MinEducaci\u00f3n<\/p>\n","protected":false},"excerpt":{"rendered":"<p>Continuando con la estrategia de fortalecer la gobernabilidad de las entidades educativas del pa\u00eds, la Ministra de Educaci\u00f3n Gina Parody se reuni\u00f3 con los delegados del Presidente de la Rep\u00fablica ante los Consejos Superiores Universitarios y Directivos de las instituciones de educaci\u00f3n superior p\u00fablicas del pa\u00eds. Durante el encuentro fueron[&#8230;]<\/p>\n","protected":false},"author":1,"featured_media":6701,"comment_status":"open","ping_status":"open","sticky":false,"template":"","format":"standard","meta":{"footnotes":""},"categories":[4],"tags":[],"_links":{"self":[{"href":"https:\/\/emisora.univalle.edu.co\/index.php\/wp-json\/wp\/v2\/posts\/6721"}],"collection":[{"href":"https:\/\/emisora.univalle.edu.co\/index.php\/wp-json\/wp\/v2\/posts"}],"about":[{"href":"https:\/\/emisora.univalle.edu.co\/index.php\/wp-json\/wp\/v2\/types\/post"}],"author":[{"embeddable":true,"href":"https:\/\/emisora.univalle.edu.co\/index.php\/wp-json\/wp\/v2\/users\/1"}],"replies":[{"embeddable":true,"href":"https:\/\/emisora.univalle.edu.co\/index.php\/wp-json\/wp\/v2\/comments?post=6721"}],"version-history":[{"count":1,"href":"https:\/\/emisora.univalle.edu.co\/index.php\/wp-json\/wp\/v2\/posts\/6721\/revisions"}],"predecessor-version":[{"id":6722,"href":"https:\/\/emisora.univalle.edu.co\/index.php\/wp-json\/wp\/v2\/posts\/6721\/revisions\/6722"}],"wp:featuredmedia":[{"embeddable":true,"href":"https:\/\/emisora.univalle.edu.co\/index.php\/wp-json\/wp\/v2\/media\/6701"}],"wp:attachment":[{"href":"https:\/\/emisora.univalle.edu.co\/index.php\/wp-json\/wp\/v2\/media?parent=6721"}],"wp:term":[{"taxonomy":"category","embeddable":true,"href":"https:\/\/emisora.univalle.edu.co\/index.php\/wp-json\/wp\/v2\/categories?post=6721"},{"taxonomy":"post_tag","embeddable":true,"href":"https:\/\/emisora.univalle.edu.co\/index.php\/wp-json\/wp\/v2\/tags?post=6721"}],"curies":[{"name":"wp","href":"https:\/\/api.w.org\/{rel}","templated":true}]}}