{"id":6723,"date":"2015-09-02T10:32:05","date_gmt":"2015-09-02T15:32:05","guid":{"rendered":"https:\/\/emisora.univalle.edu.co\/\/?p=6723"},"modified":"2015-09-02T10:32:05","modified_gmt":"2015-09-02T15:32:05","slug":"puente-de-la-carrera-8-con-calle-70-estara-cerrado-cuatro-dias","status":"publish","type":"post","link":"https:\/\/emisora.univalle.edu.co\/index.php\/puente-de-la-carrera-8-con-calle-70-estara-cerrado-cuatro-dias\/","title":{"rendered":"Puente de la carrera 8 con calle 70 estar\u00e1 cerrado cuatro d\u00edas"},"content":{"rendered":"<p><span style=\"line-height: 1.5em;\">Desde este jueves, a las 8:00 p.m., se realizar\u00e1 el cierre del puente de la carrera 8 con calle 70, sentido sur-norte, y el viernes 4 de septiembre en sentido norte-sur. Dichos cierres dejar\u00e1n sin servicio el puente en su totalidad durante cuatro d\u00edas aproximadamente.<\/span><\/p>\n<p>\u201cEstos trabajos permitir\u00e1n arreglar ambos sentidos del puente, permitiendo reparar el da\u00f1o puntual y evitando da\u00f1os futuros\u201d. As\u00ed lo anunci\u00f3 el secretario de Infraestructura y Valorizaci\u00f3n, \u00d3mar Jes\u00fas Cantillo Perdomo.<\/p>\n<p>Estos trabajos se vienen realizando desde el pasado mes de julio cuando una de las losetas del carril tercero del sentido sur-norte se vio afectada por un da\u00f1o puntual, debido a un tubo de electricidad, pero que en ning\u00fan momento repercute con alg\u00fan da\u00f1o estructural del puente.<\/p>\n<p>Cabe anotar que dichos trabajos han corrido por cuenta del contratista (Conalv\u00edas), que desde un principio asumi\u00f3 los costos y todos los arreglos que se deban proporcionar para permitir la seguridad vial de todos los veh\u00edculos, que a diario transitan por este concurrido puente.<\/p>\n<p>El ingeniero Gabriel Valencia, gerente de Conalv\u00edas, informa que se ha estado interviniendo dos franjas de estribo a estribo en ambos puentes, para evitar cualquier contratiempo a futuro. El da\u00f1o fue puntual, pero se va atender de manera preventiva para garantizar que no ocurra de nuevo, manifest\u00f3 Valencia.<\/p>\n<p>Entre las recomendaciones dadas, se concluye que es mejor fundir de nuevo las dos franjas de cada puente, que tienen una longitud aproximada a los 108 m de longitud, en cada sentido del paso a desnivel.<\/p>\n<p>Fuente: Comunicaciones Alcald\u00eda.<\/p>\n","protected":false},"excerpt":{"rendered":"<p>Desde este jueves, a las 8:00 p.m., se realizar\u00e1 el cierre del puente de la carrera 8 con calle 70, sentido sur-norte, y el viernes 4 de septiembre en sentido norte-sur. Dichos cierres dejar\u00e1n sin servicio el puente en su totalidad durante cuatro d\u00edas aproximadamente. \u201cEstos trabajos permitir\u00e1n arreglar ambos[&#8230;]<\/p>\n","protected":false},"author":1,"featured_media":6709,"comment_status":"open","ping_status":"open","sticky":false,"template":"","format":"standard","meta":{"footnotes":""},"categories":[4],"tags":[],"_links":{"self":[{"href":"https:\/\/emisora.univalle.edu.co\/index.php\/wp-json\/wp\/v2\/posts\/6723"}],"collection":[{"href":"https:\/\/emisora.univalle.edu.co\/index.php\/wp-json\/wp\/v2\/posts"}],"about":[{"href":"https:\/\/emisora.univalle.edu.co\/index.php\/wp-json\/wp\/v2\/types\/post"}],"author":[{"embeddable":true,"href":"https:\/\/emisora.univalle.edu.co\/index.php\/wp-json\/wp\/v2\/users\/1"}],"replies":[{"embeddable":true,"href":"https:\/\/emisora.univalle.edu.co\/index.php\/wp-json\/wp\/v2\/comments?post=6723"}],"version-history":[{"count":1,"href":"https:\/\/emisora.univalle.edu.co\/index.php\/wp-json\/wp\/v2\/posts\/6723\/revisions"}],"predecessor-version":[{"id":6724,"href":"https:\/\/emisora.univalle.edu.co\/index.php\/wp-json\/wp\/v2\/posts\/6723\/revisions\/6724"}],"wp:featuredmedia":[{"embeddable":true,"href":"https:\/\/emisora.univalle.edu.co\/index.php\/wp-json\/wp\/v2\/media\/6709"}],"wp:attachment":[{"href":"https:\/\/emisora.univalle.edu.co\/index.php\/wp-json\/wp\/v2\/media?parent=6723"}],"wp:term":[{"taxonomy":"category","embeddable":true,"href":"https:\/\/emisora.univalle.edu.co\/index.php\/wp-json\/wp\/v2\/categories?post=6723"},{"taxonomy":"post_tag","embeddable":true,"href":"https:\/\/emisora.univalle.edu.co\/index.php\/wp-json\/wp\/v2\/tags?post=6723"}],"curies":[{"name":"wp","href":"https:\/\/api.w.org\/{rel}","templated":true}]}}