{"id":6752,"date":"2015-09-02T14:29:17","date_gmt":"2015-09-02T19:29:17","guid":{"rendered":"https:\/\/emisora.univalle.edu.co\/\/?p=6752"},"modified":"2015-09-02T14:29:17","modified_gmt":"2015-09-02T19:29:17","slug":"seminario-internacional-sobre-formacion-doctoral","status":"publish","type":"post","link":"https:\/\/emisora.univalle.edu.co\/index.php\/seminario-internacional-sobre-formacion-doctoral\/","title":{"rendered":"Seminario internacional sobre formaci\u00f3n doctoral"},"content":{"rendered":"<p><span style=\"line-height: 1.5em;\">35 acad\u00e9micos, gestores y responsables de programas de formaci\u00f3n doctoral de Argentina, Bolivia, Colombia, Costa Rica, Ecuador, M\u00e9xico, Panam\u00e1, Per\u00fa, Rep\u00fablica Dominicana y Uruguay, con el apoyo de expertos internacionales, se reunir\u00e1n para examinar formas alternativas de potenciar la direcci\u00f3n de una tesis doctoral y compartir e intercambiar experiencias institucionales en procesos de optimizaci\u00f3n de la tesis doctoral.<\/span><\/p>\n<p>El evento se realiza gracias a una iniciativa de cooperaci\u00f3n acad\u00e9mica internacional entre la Universidad Rovira i Virgili (Espa\u00f1a), la Universidad del Valle y la Asociaci\u00f3n Universitaria Iberoamericana de Postgrado &#8211; AUIP.<\/p>\n<p>El \u201cSeminario-Taller Itinerante Internacional sobre Formaci\u00f3n de Doctores e Investigadores: Optimizaci\u00f3n de la Tesis Doctoral\u201d, se realizar\u00e1 del 7 al 9 de septiembre de 2015.<\/p>\n<p>La direcci\u00f3n de tesis constituye una labor acad\u00e9mica y formadora que se enriquece y mejora progresivamente con la experiencia personal del profesorado, a lo largo de su carrera profesional. El fruto de una direcci\u00f3n de tesis adecuada se refleja en la satisfacci\u00f3n de las partes implicadas (el doctorando\/a y el propio director\/a) y, m\u00e1s directamente, en una mejora de los resultados de la investigaci\u00f3n.<\/p>\n<p>El seminario-taller, en su primera edici\u00f3n fuera de la Uni\u00f3n Europea, busca propiciar una reflexi\u00f3n colectiva sobre las pr\u00e1cticas de gesti\u00f3n y direcci\u00f3n de una tesis doctoral en los pa\u00edses que integran la Comunidad Iberoamericana de Naciones. Dado el car\u00e1cter itinerante del seminario-taller, tres ediciones m\u00e1s est\u00e1n previstas en Argentina, M\u00e9xico y Per\u00fa para el 2016.<\/p>\n<p>El equipo acad\u00e9mico responsable de la coordinaci\u00f3n del seminario est\u00e1 conformado por Profesores de la Universidad Rovira i Virgili (Espa\u00f1a): Francisco Manuel D\u00edaz Gonz\u00e1lez, Director de la Escuela de Postgrado y Doctorado; Mar Figueras Moreno, Jefa de Servicio de la Escuela de Postgrado y Doctorado; Joan Josep Carvajal Mart\u00ed, Vicedecano de la Facultad de Qu\u00edmica y Mar\u00eda Ercilia Garc\u00eda \u00c1lvarez, Catedr\u00e1tica de Gesti\u00f3n de Empresa.<\/p>\n<p>Informes: <a href=\"mailto:seminario.doctores@correounivalle.edu.co\">seminario.doctores@correounivalle.edu.co<\/a><\/p>\n<p>Fuente: Agencia de Noticias Univalle<\/p>\n","protected":false},"excerpt":{"rendered":"<p>35 acad\u00e9micos, gestores y responsables de programas de formaci\u00f3n doctoral de Argentina, Bolivia, Colombia, Costa Rica, Ecuador, M\u00e9xico, Panam\u00e1, Per\u00fa, Rep\u00fablica Dominicana y Uruguay, con el apoyo de expertos internacionales, se reunir\u00e1n para examinar formas alternativas de potenciar la direcci\u00f3n de una tesis doctoral y compartir e intercambiar experiencias institucionales[&#8230;]<\/p>\n","protected":false},"author":1,"featured_media":6745,"comment_status":"open","ping_status":"open","sticky":false,"template":"","format":"standard","meta":{"footnotes":""},"categories":[4],"tags":[],"_links":{"self":[{"href":"https:\/\/emisora.univalle.edu.co\/index.php\/wp-json\/wp\/v2\/posts\/6752"}],"collection":[{"href":"https:\/\/emisora.univalle.edu.co\/index.php\/wp-json\/wp\/v2\/posts"}],"about":[{"href":"https:\/\/emisora.univalle.edu.co\/index.php\/wp-json\/wp\/v2\/types\/post"}],"author":[{"embeddable":true,"href":"https:\/\/emisora.univalle.edu.co\/index.php\/wp-json\/wp\/v2\/users\/1"}],"replies":[{"embeddable":true,"href":"https:\/\/emisora.univalle.edu.co\/index.php\/wp-json\/wp\/v2\/comments?post=6752"}],"version-history":[{"count":1,"href":"https:\/\/emisora.univalle.edu.co\/index.php\/wp-json\/wp\/v2\/posts\/6752\/revisions"}],"predecessor-version":[{"id":6753,"href":"https:\/\/emisora.univalle.edu.co\/index.php\/wp-json\/wp\/v2\/posts\/6752\/revisions\/6753"}],"wp:featuredmedia":[{"embeddable":true,"href":"https:\/\/emisora.univalle.edu.co\/index.php\/wp-json\/wp\/v2\/media\/6745"}],"wp:attachment":[{"href":"https:\/\/emisora.univalle.edu.co\/index.php\/wp-json\/wp\/v2\/media?parent=6752"}],"wp:term":[{"taxonomy":"category","embeddable":true,"href":"https:\/\/emisora.univalle.edu.co\/index.php\/wp-json\/wp\/v2\/categories?post=6752"},{"taxonomy":"post_tag","embeddable":true,"href":"https:\/\/emisora.univalle.edu.co\/index.php\/wp-json\/wp\/v2\/tags?post=6752"}],"curies":[{"name":"wp","href":"https:\/\/api.w.org\/{rel}","templated":true}]}}