{"id":6754,"date":"2015-09-02T14:30:01","date_gmt":"2015-09-02T19:30:01","guid":{"rendered":"https:\/\/emisora.univalle.edu.co\/\/?p=6754"},"modified":"2015-09-02T14:30:01","modified_gmt":"2015-09-02T19:30:01","slug":"refrendaran-convenio-de-apoyo-filarmonica","status":"publish","type":"post","link":"https:\/\/emisora.univalle.edu.co\/index.php\/refrendaran-convenio-de-apoyo-filarmonica\/","title":{"rendered":"Refrendar\u00e1n convenio de apoyo a Filarm\u00f3nica"},"content":{"rendered":"<p><span style=\"line-height: 1.5em;\">El Rector de la Universidad del Valle Iv\u00e1n Enrique Ramos Calder\u00f3n, en compa\u00f1\u00eda de miembros del Consejo Superior, y la presidenta de Proartes Amparo Sinisterra de Carvajal refrendar\u00e1n ma\u00f1ana un convenio para el fomento de la m\u00fasica sinf\u00f3nica en el departamento.<\/span><\/p>\n<p>El apoyo consiste en un aporte de 300 millones de pesos para el fortalecimiento de\u00a0 la Orquesta Filarm\u00f3nica de Cali.<\/p>\n<p>La Orquesta Filarm\u00f3nica de Cali, con m\u00e1s de 70 a\u00f1os de historia, es el espacio propio para que estudiantes y egresados de la Universidad fortalezcan su proceso de formaci\u00f3n como m\u00fasicos profesionales, ya que genera espacios para que participen en conciertos y aprovechen la oferta musical y los programas de formaci\u00f3n como las clases maestras dictadas por solistas invitados.<\/p>\n<p>Con este anuncio, la Orquesta continua fortaleci\u00e9ndose para el pr\u00f3ximo a\u00f1o, ya que estos recursos se suman los aportes que entregar\u00e1n el Ministerio de Cultura y la Alcald\u00eda de Cali para el a\u00f1o 2016.<\/p>\n<p>Fuente: Agencia de Noticias Univalle<\/p>\n","protected":false},"excerpt":{"rendered":"<p>El Rector de la Universidad del Valle Iv\u00e1n Enrique Ramos Calder\u00f3n, en compa\u00f1\u00eda de miembros del Consejo Superior, y la presidenta de Proartes Amparo Sinisterra de Carvajal refrendar\u00e1n ma\u00f1ana un convenio para el fomento de la m\u00fasica sinf\u00f3nica en el departamento. El apoyo consiste en un aporte de 300 millones[&#8230;]<\/p>\n","protected":false},"author":1,"featured_media":6744,"comment_status":"open","ping_status":"open","sticky":false,"template":"","format":"standard","meta":{"footnotes":""},"categories":[4],"tags":[],"_links":{"self":[{"href":"https:\/\/emisora.univalle.edu.co\/index.php\/wp-json\/wp\/v2\/posts\/6754"}],"collection":[{"href":"https:\/\/emisora.univalle.edu.co\/index.php\/wp-json\/wp\/v2\/posts"}],"about":[{"href":"https:\/\/emisora.univalle.edu.co\/index.php\/wp-json\/wp\/v2\/types\/post"}],"author":[{"embeddable":true,"href":"https:\/\/emisora.univalle.edu.co\/index.php\/wp-json\/wp\/v2\/users\/1"}],"replies":[{"embeddable":true,"href":"https:\/\/emisora.univalle.edu.co\/index.php\/wp-json\/wp\/v2\/comments?post=6754"}],"version-history":[{"count":1,"href":"https:\/\/emisora.univalle.edu.co\/index.php\/wp-json\/wp\/v2\/posts\/6754\/revisions"}],"predecessor-version":[{"id":6755,"href":"https:\/\/emisora.univalle.edu.co\/index.php\/wp-json\/wp\/v2\/posts\/6754\/revisions\/6755"}],"wp:featuredmedia":[{"embeddable":true,"href":"https:\/\/emisora.univalle.edu.co\/index.php\/wp-json\/wp\/v2\/media\/6744"}],"wp:attachment":[{"href":"https:\/\/emisora.univalle.edu.co\/index.php\/wp-json\/wp\/v2\/media?parent=6754"}],"wp:term":[{"taxonomy":"category","embeddable":true,"href":"https:\/\/emisora.univalle.edu.co\/index.php\/wp-json\/wp\/v2\/categories?post=6754"},{"taxonomy":"post_tag","embeddable":true,"href":"https:\/\/emisora.univalle.edu.co\/index.php\/wp-json\/wp\/v2\/tags?post=6754"}],"curies":[{"name":"wp","href":"https:\/\/api.w.org\/{rel}","templated":true}]}}