{"id":6762,"date":"2015-09-03T14:26:03","date_gmt":"2015-09-03T19:26:03","guid":{"rendered":"https:\/\/emisora.univalle.edu.co\/\/?p=6762"},"modified":"2015-09-03T14:26:03","modified_gmt":"2015-09-03T19:26:03","slug":"designacion-de-rector-de-univalle-2015-2019","status":"publish","type":"post","link":"https:\/\/emisora.univalle.edu.co\/index.php\/designacion-de-rector-de-univalle-2015-2019\/","title":{"rendered":"Designaci\u00f3n de Rector  de Univalle 2015 -2019"},"content":{"rendered":"<p><span style=\"line-height: 1.5em;\">Cuatro docentes de la Universidad del Valle se inscribieron como candidatos a la Designaci\u00f3n de Rector 2015 -2019 de la Instituci\u00f3n.<\/span><\/p>\n<p>Los candidatos participar\u00e1n en Foros con los docentes y estudiantes de la Universidad y estos participar\u00e1n en una consulta que se realizar\u00e1 el 28 de septiembre del 2015.<\/p>\n<p>Los candidatos visitar\u00e1n cada sede regional de la Universidad del Valle, presentando su plan de trabajo, as\u00ed:<\/p>\n<p>&#8211; Mi\u00e9rcoles 9 de Septiembre de 2015. Universidad del Valle Sede Norte del Cauca.<\/p>\n<p>&#8211; Jueves 10 de Septiembre de 2015. Universidad del Valle Sede Cali, Campus Mel\u00e9ndez (a.m.) y Campus San Fernando (p.m.).<\/p>\n<p>&#8211; Viernes 11 de Septiembre de 2015. Universidad del Valle Sede Buga, 4:00 p.m. Sede Tulu\u00e1 7:00 p.m.<\/p>\n<p>&#8211; Martes 15 de Septiembre de 2015. Universidad del Valle Sede Palmira 4:00 p.m. Sede Yumbo 7:00 p.m.<\/p>\n<p>&#8211; Mi\u00e9rcoles 16 de Septiembre de 2015. Universidad del Valle Sede Cali, Campus Mel\u00e9ndez (a.m.) y Campus San Fernando (p.m.).<\/p>\n<p>&#8211; Lunes 21 de Septiembre de 2015. Universidad del Valle Sede Caicedonia 4:00 p.m. Sede Zarzal 7:00 p.m.<\/p>\n<p>&#8211; Mi\u00e9rcoles 23 de Septiembre de 2015. Universidad del Valle Sede Pac\u00edfico. 6:00 p.m.<\/p>\n<p>&#8211; Viernes 25 de Septiembre de 2015. Universidad del Valle Sede Cartago. 6: 00 p.m.<\/p>\n<p>En orden alfab\u00e9tico, estos son los candidatos a la Designaci\u00f3n de Rector 2015 -2019:<\/p>\n<p>H\u00e9ctor Cadavid Ram\u00edrez<\/p>\n<p>Ingeniero electromec\u00e1nico, maestr\u00eda en ingenier\u00eda y doctor (Ph.D.) en ingenier\u00eda; estudios de pregrado y posgrado en el Instituto Superior Energ\u00e9tico de Mosc\u00fa-Rusia. Experiencia laboral como Ingeniero en el sector industrial. Vinculado desde el a\u00f1o 1987 como profesor de tiempo completo de la Escuela de Ingenier\u00eda El\u00e9ctrica y Electr\u00f3nica de la Facultad de Ingenier\u00eda de la Universidad del Valle. M\u00e1s de veintiocho (28) a\u00f1os de experiencia en la Universidad del Valle, en todos los \u00e1mbitos de la vida acad\u00e9mica: Docencia, Investigaci\u00f3n, Extensi\u00f3n y diferentes cargos acad\u00e9micos administrativos.<\/p>\n<p>C\u00e9sar Arturo Castillo<\/p>\n<p>Licenciado en historia con maestr\u00eda en historia andina de la Universidad del Valle, doctor en desarrollo local e innovaci\u00f3n territorial de la Universidad de Alicante de Espa\u00f1a.<\/p>\n<p>Jes\u00fas Mar\u00eda S\u00e1nchez Ordo\u00f1ez<\/p>\n<p>Trabajador Social y mag\u00edster en salud p\u00fablica de la Universidad del Valle, con una especializaci\u00f3n en salud ocupacional de la Universidad Libre. M\u00e1s de 16 a\u00f1os de experiencia como docente en la Universidad del Valle, en docencia, investigaci\u00f3n y diferentes cargos acad\u00e9micos administrativos.<\/p>\n<p>Edgar Varela Barrios<\/p>\n<p>Ph.D en administraci\u00f3n de la Escuela de Altos Estudios Comerciales HEC de Montreal-Canad\u00e1, magister en historia andina y licenciado en filosof\u00eda de la Universidad del Valle. Desde hace 23 a\u00f1os se desempe\u00f1a como profesor titular de la Facultad de Ciencias de la Administraci\u00f3n de la Universidad del Valle, en pregrado. Adem\u00e1s de su labor docente e investigativa, desde 1998\u00a0 se ha desempe\u00f1ado en cargos administrativos en la Alma M\u00e1ter.<\/p>\n<p>El Consejo Superior de la Universidad del Valle designar\u00e1 al nuevo rector el 16 de octubre de 2015, en sesi\u00f3n especial.<\/p>\n<p>Vea las hojas de vida de candidatos aqu\u00ed:<\/p>\n<p>https:\/\/drive.google.com\/folderview?id=0BzGoTc_BVojJfjNVY3FhUHdwMGtiOUdUTURnMWJveDdITzlIbENISGZZN2QxMGdjaHBaM00&#038;usp=drive_web<\/p>\n<p>Foto: De izquierda a derecha, Edgar Varela Barrios, C\u00e9sar Arturo Castillo, el secretario general de la Universidad Luis Alberto Herrera, H\u00e9ctor Cadavid Ram\u00edrez y Jes\u00fas Mar\u00eda S\u00e1nchez.<\/p>\n<p>Fuente: Agencia de Noticias Univalle<\/p>\n","protected":false},"excerpt":{"rendered":"<p>Cuatro docentes de la Universidad del Valle se inscribieron como candidatos a la Designaci\u00f3n de Rector 2015 -2019 de la Instituci\u00f3n. Los candidatos participar\u00e1n en Foros con los docentes y estudiantes de la Universidad y estos participar\u00e1n en una consulta que se realizar\u00e1 el 28 de septiembre del 2015. Los[&#8230;]<\/p>\n","protected":false},"author":1,"featured_media":6767,"comment_status":"open","ping_status":"open","sticky":false,"template":"","format":"standard","meta":{"footnotes":""},"categories":[4],"tags":[],"_links":{"self":[{"href":"https:\/\/emisora.univalle.edu.co\/index.php\/wp-json\/wp\/v2\/posts\/6762"}],"collection":[{"href":"https:\/\/emisora.univalle.edu.co\/index.php\/wp-json\/wp\/v2\/posts"}],"about":[{"href":"https:\/\/emisora.univalle.edu.co\/index.php\/wp-json\/wp\/v2\/types\/post"}],"author":[{"embeddable":true,"href":"https:\/\/emisora.univalle.edu.co\/index.php\/wp-json\/wp\/v2\/users\/1"}],"replies":[{"embeddable":true,"href":"https:\/\/emisora.univalle.edu.co\/index.php\/wp-json\/wp\/v2\/comments?post=6762"}],"version-history":[{"count":1,"href":"https:\/\/emisora.univalle.edu.co\/index.php\/wp-json\/wp\/v2\/posts\/6762\/revisions"}],"predecessor-version":[{"id":6769,"href":"https:\/\/emisora.univalle.edu.co\/index.php\/wp-json\/wp\/v2\/posts\/6762\/revisions\/6769"}],"wp:featuredmedia":[{"embeddable":true,"href":"https:\/\/emisora.univalle.edu.co\/index.php\/wp-json\/wp\/v2\/media\/6767"}],"wp:attachment":[{"href":"https:\/\/emisora.univalle.edu.co\/index.php\/wp-json\/wp\/v2\/media?parent=6762"}],"wp:term":[{"taxonomy":"category","embeddable":true,"href":"https:\/\/emisora.univalle.edu.co\/index.php\/wp-json\/wp\/v2\/categories?post=6762"},{"taxonomy":"post_tag","embeddable":true,"href":"https:\/\/emisora.univalle.edu.co\/index.php\/wp-json\/wp\/v2\/tags?post=6762"}],"curies":[{"name":"wp","href":"https:\/\/api.w.org\/{rel}","templated":true}]}}