{"id":6774,"date":"2015-09-03T14:35:39","date_gmt":"2015-09-03T19:35:39","guid":{"rendered":"https:\/\/emisora.univalle.edu.co\/\/?p=6774"},"modified":"2015-09-04T10:58:19","modified_gmt":"2015-09-04T15:58:19","slug":"lanzamiento-de-los-xx-juegos-departamentales-el-proximo-viernes","status":"publish","type":"post","link":"https:\/\/emisora.univalle.edu.co\/index.php\/lanzamiento-de-los-xx-juegos-departamentales-el-proximo-viernes\/","title":{"rendered":"Hoy inauguraci\u00f3n de los XX Juegos Departamentales en Palmira"},"content":{"rendered":"<p><span style=\"line-height: 1.5em;\"><a href=\"https:\/\/emisora.univalle.edu.co\/\/wp-content\/uploads\/2015\/08\/Cali-en-Juegos-Departamentales.jpg\" data-lightbox=\"gal[6774]\"><img loading=\"lazy\" decoding=\"async\" class=\" wp-image-6608 alignleft\" alt=\"Cali en Juegos Departamentales\" src=\"https:\/\/emisora.univalle.edu.co\/\/wp-content\/uploads\/2015\/08\/Cali-en-Juegos-Departamentales.jpg\" width=\"515\" height=\"265\" srcset=\"https:\/\/emisora.univalle.edu.co\/wp-content\/uploads\/2015\/08\/Cali-en-Juegos-Departamentales.jpg 920w, https:\/\/emisora.univalle.edu.co\/wp-content\/uploads\/2015\/08\/Cali-en-Juegos-Departamentales-300x153.jpg 300w, https:\/\/emisora.univalle.edu.co\/wp-content\/uploads\/2015\/08\/Cali-en-Juegos-Departamentales-438x224.jpg 438w\" sizes=\"(max-width: 515px) 100vw, 515px\" \/><\/a>El Valle del Cauca se viste de gala para el lanzamiento oficial de la versi\u00f3n XX de los Juegos Departamentales hoy 4 de septiembre a partir de las 5:00pm en el Estadio Municipal de Palmira. Al evento asistir\u00e1 el Gobernador del departamento Ubeimar Delgado y el gerente de Indervalle Bernardo S\u00e1nchez.<\/span><\/p>\n<p>El acto que ser\u00e1 transmitido en directo por el canal regional Telepac\u00edfico y Se\u00f1al Colombia, contar\u00e1 con la presencia y participaci\u00f3n de los 42 municipios del departamento en 24 disciplinas deportivas y cinco discapacidades.<a href=\"https:\/\/emisora.univalle.edu.co\/\/wp-content\/uploads\/2015\/09\/Juegos.jpg\" data-lightbox=\"gal[6774]\"><img loading=\"lazy\" decoding=\"async\" class=\"alignright  wp-image-6775\" alt=\"Juegos\" src=\"https:\/\/emisora.univalle.edu.co\/\/wp-content\/uploads\/2015\/09\/Juegos.jpg\" width=\"384\" height=\"288\" srcset=\"https:\/\/emisora.univalle.edu.co\/wp-content\/uploads\/2015\/09\/Juegos.jpg 640w, https:\/\/emisora.univalle.edu.co\/wp-content\/uploads\/2015\/09\/Juegos-300x225.jpg 300w, https:\/\/emisora.univalle.edu.co\/wp-content\/uploads\/2015\/09\/Juegos-438x328.jpg 438w\" sizes=\"(max-width: 384px) 100vw, 384px\" \/><\/a><\/p>\n<p>Ma\u00f1ana jueves a partir de las 4:00pm se encender\u00e1 el fuego del pebetero de los Juegos deportivos del Valle del Cauca en acto que se realizar\u00e1 en el Parque Bol\u00edvar frente al CAM de Palmira con la participaci\u00f3n de los m\u00e1s destacados deportistas del departamento, el gerente de INDERVALLE y el alcalde municipal de Palmira Ritter L\u00f3pez.<\/p>\n<p>La Gobernaci\u00f3n del Valle del Cauca en cabeza de Ubeimar Delgado Bland\u00f3n, invitan a todos los medios de comunicaci\u00f3n locales, regionales y ciudadan\u00eda en general, a que se vinculen al acto de inauguraci\u00f3n de este magno evento que re\u00fane todas las disciplinas deportivas de la regi\u00f3n.<\/p>\n<p>Fuente: Comunicaciones Gobernaci\u00f3n<\/p>\n","protected":false},"excerpt":{"rendered":"<p>El Valle del Cauca se viste de gala para el lanzamiento oficial de la versi\u00f3n XX de los Juegos Departamentales hoy 4 de septiembre a partir de las 5:00pm en el Estadio Municipal de Palmira. Al evento asistir\u00e1 el Gobernador del departamento Ubeimar Delgado y el gerente de Indervalle Bernardo[&#8230;]<\/p>\n","protected":false},"author":1,"featured_media":4029,"comment_status":"open","ping_status":"open","sticky":false,"template":"","format":"standard","meta":{"footnotes":""},"categories":[4],"tags":[],"_links":{"self":[{"href":"https:\/\/emisora.univalle.edu.co\/index.php\/wp-json\/wp\/v2\/posts\/6774"}],"collection":[{"href":"https:\/\/emisora.univalle.edu.co\/index.php\/wp-json\/wp\/v2\/posts"}],"about":[{"href":"https:\/\/emisora.univalle.edu.co\/index.php\/wp-json\/wp\/v2\/types\/post"}],"author":[{"embeddable":true,"href":"https:\/\/emisora.univalle.edu.co\/index.php\/wp-json\/wp\/v2\/users\/1"}],"replies":[{"embeddable":true,"href":"https:\/\/emisora.univalle.edu.co\/index.php\/wp-json\/wp\/v2\/comments?post=6774"}],"version-history":[{"count":2,"href":"https:\/\/emisora.univalle.edu.co\/index.php\/wp-json\/wp\/v2\/posts\/6774\/revisions"}],"predecessor-version":[{"id":6797,"href":"https:\/\/emisora.univalle.edu.co\/index.php\/wp-json\/wp\/v2\/posts\/6774\/revisions\/6797"}],"wp:featuredmedia":[{"embeddable":true,"href":"https:\/\/emisora.univalle.edu.co\/index.php\/wp-json\/wp\/v2\/media\/4029"}],"wp:attachment":[{"href":"https:\/\/emisora.univalle.edu.co\/index.php\/wp-json\/wp\/v2\/media?parent=6774"}],"wp:term":[{"taxonomy":"category","embeddable":true,"href":"https:\/\/emisora.univalle.edu.co\/index.php\/wp-json\/wp\/v2\/categories?post=6774"},{"taxonomy":"post_tag","embeddable":true,"href":"https:\/\/emisora.univalle.edu.co\/index.php\/wp-json\/wp\/v2\/tags?post=6774"}],"curies":[{"name":"wp","href":"https:\/\/api.w.org\/{rel}","templated":true}]}}