{"id":6783,"date":"2015-09-03T15:03:15","date_gmt":"2015-09-03T20:03:15","guid":{"rendered":"https:\/\/emisora.univalle.edu.co\/\/?p=6783"},"modified":"2015-09-03T15:08:30","modified_gmt":"2015-09-03T20:08:30","slug":"mercurio-y-seguridad-alimentaria-en-la-amazonia-brasilena","status":"publish","type":"post","link":"https:\/\/emisora.univalle.edu.co\/index.php\/mercurio-y-seguridad-alimentaria-en-la-amazonia-brasilena\/","title":{"rendered":"Mercurio y seguridad alimentaria en la Amazon\u00eda brasile\u00f1a."},"content":{"rendered":"<p><span style=\"line-height: 1.5em;\">Frederic Adelin Georges Mertens, profesor e investigador del Centro de Desarrollo Sustentable de la Universidad de Brasilia, es el invitado especial de la Sesi\u00f3n Permanente de Investigaci\u00f3n en Salud P\u00fablica que tendr\u00e1 lugar este viernes 4 de septiembre de 2015, a las 8:00, en el Campus San Fernando de la Universidad del Valle.<\/span><\/p>\n<p>Mertens presentar\u00e1 su estudio sobre exposici\u00f3n al mercurio y seguridad alimentaria en la Amazon\u00eda brasile\u00f1a y c\u00f3mo se ha aplicado en su investigaci\u00f3n la metodolog\u00eda de An\u00e1lisis de Redes Sociales. La entrada a la Sesi\u00f3n es libre.<\/p>\n<p>El profesor Mertens ha sido invitado a la Universidad del Valle en el marco del proyecto internacional \u201cCambio Clim\u00e1tico, Vulnerabilidad y Salud\u201d, que se lleva a cabo en la Escuela de Salud P\u00fablica, con la participaci\u00f3n de diferentes grupos de investigaci\u00f3n. Por su experiencia y como especialista en metodolog\u00eda de An\u00e1lisis de Redes Sociales, el Doctor Mertens tambi\u00e9n fue invitado a dictar un curso sobre la materia, enfocado en su aplicaci\u00f3n en investigaciones en salud y medio ambiente.<\/p>\n<p>Frederic Mertens es Ph.D en Ciencias del Ambiente de la Universidad de Queb\u00e9c y Ph.D de la Facultad de Ciencias de la Universidad de Bruselas. Es tambi\u00e9n el Coordinador del Nodo Brasil de la Comunidad de Pr\u00e1ctica sobre el Enfoque Ecosist\u00e9mico en la Salud Humana, COPECLAC.<\/p>\n<p>La Sesi\u00f3n de Investigaci\u00f3n se realizar\u00e1 en el sal\u00f3n 1 (s\u00f3tano) de la Escuela de Salud P\u00fablica, edificio \u201cSantiago Renjifo\u201d (118), Campus San Fernando. La entrada es libre.<\/p>\n<p>La Sesi\u00f3n ser\u00e1 tambi\u00e9n transmitida en l\u00ednea a trav\u00e9s de webex.<\/p>\n<p>Informes<\/p>\n<p>5542476 Ext. 120<\/p>\n<p>Fuente: Agencia de Noticias Univalle<\/p>\n","protected":false},"excerpt":{"rendered":"<p>Frederic Adelin Georges Mertens, profesor e investigador del Centro de Desarrollo Sustentable de la Universidad de Brasilia, es el invitado especial de la Sesi\u00f3n Permanente de Investigaci\u00f3n en Salud P\u00fablica que tendr\u00e1 lugar este viernes 4 de septiembre de 2015, a las 8:00, en el Campus San Fernando de la[&#8230;]<\/p>\n","protected":false},"author":1,"featured_media":6765,"comment_status":"open","ping_status":"open","sticky":false,"template":"","format":"standard","meta":{"footnotes":""},"categories":[4],"tags":[],"_links":{"self":[{"href":"https:\/\/emisora.univalle.edu.co\/index.php\/wp-json\/wp\/v2\/posts\/6783"}],"collection":[{"href":"https:\/\/emisora.univalle.edu.co\/index.php\/wp-json\/wp\/v2\/posts"}],"about":[{"href":"https:\/\/emisora.univalle.edu.co\/index.php\/wp-json\/wp\/v2\/types\/post"}],"author":[{"embeddable":true,"href":"https:\/\/emisora.univalle.edu.co\/index.php\/wp-json\/wp\/v2\/users\/1"}],"replies":[{"embeddable":true,"href":"https:\/\/emisora.univalle.edu.co\/index.php\/wp-json\/wp\/v2\/comments?post=6783"}],"version-history":[{"count":2,"href":"https:\/\/emisora.univalle.edu.co\/index.php\/wp-json\/wp\/v2\/posts\/6783\/revisions"}],"predecessor-version":[{"id":6792,"href":"https:\/\/emisora.univalle.edu.co\/index.php\/wp-json\/wp\/v2\/posts\/6783\/revisions\/6792"}],"wp:featuredmedia":[{"embeddable":true,"href":"https:\/\/emisora.univalle.edu.co\/index.php\/wp-json\/wp\/v2\/media\/6765"}],"wp:attachment":[{"href":"https:\/\/emisora.univalle.edu.co\/index.php\/wp-json\/wp\/v2\/media?parent=6783"}],"wp:term":[{"taxonomy":"category","embeddable":true,"href":"https:\/\/emisora.univalle.edu.co\/index.php\/wp-json\/wp\/v2\/categories?post=6783"},{"taxonomy":"post_tag","embeddable":true,"href":"https:\/\/emisora.univalle.edu.co\/index.php\/wp-json\/wp\/v2\/tags?post=6783"}],"curies":[{"name":"wp","href":"https:\/\/api.w.org\/{rel}","templated":true}]}}