{"id":6785,"date":"2015-09-03T15:04:01","date_gmt":"2015-09-03T20:04:01","guid":{"rendered":"https:\/\/emisora.univalle.edu.co\/\/?p=6785"},"modified":"2015-09-03T15:04:01","modified_gmt":"2015-09-03T20:04:01","slug":"se-inicia-programa-para-el-mejoramiento-de-la-calidad-de-vida-de-los-recicladores","status":"publish","type":"post","link":"https:\/\/emisora.univalle.edu.co\/index.php\/se-inicia-programa-para-el-mejoramiento-de-la-calidad-de-vida-de-los-recicladores\/","title":{"rendered":"Se inicia programa para el mejoramiento de la calidad de vida de los recicladores"},"content":{"rendered":"<p><span style=\"line-height: 1.5em;\">La Alcald\u00eda de Cali inici\u00f3 un programa que busca el mejoramiento de la calidad de vida de los recuperadores ambientales de Santiago de Cali, a trav\u00e9s de un proceso de fortalecimiento organizacional y empresarial para su inclusi\u00f3n social.<\/span><\/p>\n<p>El proyecto, liderado por la Secretar\u00eda de Bienestar Social, tiene dos componentes centrales: primer, fortalecer a nivel socio-empresarial las organizaciones creadas por los recicladores. \u201cEsto se lograr\u00e1 a trav\u00e9s del acompa\u00f1amiento de expertos para definir alternativas de proyectos de desarrollo socio-empresarial\u00a0 que beneficien a la base social de las organizaciones\u201d, indic\u00f3 Luis Alfredo G\u00f3mez, secretario de esta dependencia.<\/p>\n<p>El segundo componente consiste en fortalecer la inclusi\u00f3n social de los recuperadores ambientales en los procesos de recuperaci\u00f3n y modelos de aprovechamiento que se llevan a cabo en el municipio, tales como la ruta selectiva.<\/p>\n<p>Igualmente, el funcionario G\u00f3mez se\u00f1al\u00f3 que \u201cel acompa\u00f1amiento social consiste en ayudar a integrar a los recicladores de calle en el proceso que vienen adelantado las diferentes dependencias de la Alcald\u00eda para poner en marcha el pilotaje de la ruta selectiva\u201d.<\/p>\n<p>Este programa, en convenio con la universidad Icesi, busca generar procesos m\u00e1s participativos para este sector poblacional y con mayor inclusi\u00f3n social para sus familias.<\/p>\n<p>Fuente: Comunicaciones Alcald\u00eda<\/p>\n","protected":false},"excerpt":{"rendered":"<p>La Alcald\u00eda de Cali inici\u00f3 un programa que busca el mejoramiento de la calidad de vida de los recuperadores ambientales de Santiago de Cali, a trav\u00e9s de un proceso de fortalecimiento organizacional y empresarial para su inclusi\u00f3n social. El proyecto, liderado por la Secretar\u00eda de Bienestar Social, tiene dos componentes[&#8230;]<\/p>\n","protected":false},"author":1,"featured_media":6766,"comment_status":"open","ping_status":"open","sticky":false,"template":"","format":"standard","meta":{"footnotes":""},"categories":[4],"tags":[],"_links":{"self":[{"href":"https:\/\/emisora.univalle.edu.co\/index.php\/wp-json\/wp\/v2\/posts\/6785"}],"collection":[{"href":"https:\/\/emisora.univalle.edu.co\/index.php\/wp-json\/wp\/v2\/posts"}],"about":[{"href":"https:\/\/emisora.univalle.edu.co\/index.php\/wp-json\/wp\/v2\/types\/post"}],"author":[{"embeddable":true,"href":"https:\/\/emisora.univalle.edu.co\/index.php\/wp-json\/wp\/v2\/users\/1"}],"replies":[{"embeddable":true,"href":"https:\/\/emisora.univalle.edu.co\/index.php\/wp-json\/wp\/v2\/comments?post=6785"}],"version-history":[{"count":1,"href":"https:\/\/emisora.univalle.edu.co\/index.php\/wp-json\/wp\/v2\/posts\/6785\/revisions"}],"predecessor-version":[{"id":6786,"href":"https:\/\/emisora.univalle.edu.co\/index.php\/wp-json\/wp\/v2\/posts\/6785\/revisions\/6786"}],"wp:featuredmedia":[{"embeddable":true,"href":"https:\/\/emisora.univalle.edu.co\/index.php\/wp-json\/wp\/v2\/media\/6766"}],"wp:attachment":[{"href":"https:\/\/emisora.univalle.edu.co\/index.php\/wp-json\/wp\/v2\/media?parent=6785"}],"wp:term":[{"taxonomy":"category","embeddable":true,"href":"https:\/\/emisora.univalle.edu.co\/index.php\/wp-json\/wp\/v2\/categories?post=6785"},{"taxonomy":"post_tag","embeddable":true,"href":"https:\/\/emisora.univalle.edu.co\/index.php\/wp-json\/wp\/v2\/tags?post=6785"}],"curies":[{"name":"wp","href":"https:\/\/api.w.org\/{rel}","templated":true}]}}