{"id":6787,"date":"2015-09-03T15:05:22","date_gmt":"2015-09-03T20:05:22","guid":{"rendered":"https:\/\/emisora.univalle.edu.co\/\/?p=6787"},"modified":"2015-09-03T15:05:22","modified_gmt":"2015-09-03T20:05:22","slug":"presentacion-de-resultados-de-investigacion-en-sede-pacifico","status":"publish","type":"post","link":"https:\/\/emisora.univalle.edu.co\/index.php\/presentacion-de-resultados-de-investigacion-en-sede-pacifico\/","title":{"rendered":"Presentaci\u00f3n de resultados de investigaci\u00f3n en Sede Pac\u00edfico"},"content":{"rendered":"<p><span style=\"line-height: 1.5em;\">La Vicerrector\u00eda de Investigaciones de la Universidad del Valle realizar\u00e1 una jornada de socializaci\u00f3n de resultados de proyectos de investigaci\u00f3n realizados sobre temas del Pac\u00edfico.<\/span><\/p>\n<p>Esta jornada se realizar\u00e1 este s\u00e1bado 5 de septiembre, a partir de las 9:00 a.m., en el Auditorio Cesar Sarria de la Sede Pac\u00edfico de la Universidad del Valle.<\/p>\n<p>Se presentar\u00e1n los resultados de 7 proyectos financiados, principalmente, a trav\u00e9s de convocatorias internas de investigaci\u00f3n, en \u00e1reas de historia, ciencias del mar, artes, comunicaci\u00f3n y biolog\u00eda.<\/p>\n<p>A esta actividad est\u00e1 invitada la comunidad universitaria en general.<\/p>\n<p>Fuente: Agencia de Noticias Univalle<\/p>\n","protected":false},"excerpt":{"rendered":"<p>La Vicerrector\u00eda de Investigaciones de la Universidad del Valle realizar\u00e1 una jornada de socializaci\u00f3n de resultados de proyectos de investigaci\u00f3n realizados sobre temas del Pac\u00edfico. Esta jornada se realizar\u00e1 este s\u00e1bado 5 de septiembre, a partir de las 9:00 a.m., en el Auditorio Cesar Sarria de la Sede Pac\u00edfico de[&#8230;]<\/p>\n","protected":false},"author":1,"featured_media":6768,"comment_status":"open","ping_status":"open","sticky":false,"template":"","format":"standard","meta":{"footnotes":""},"categories":[4],"tags":[],"_links":{"self":[{"href":"https:\/\/emisora.univalle.edu.co\/index.php\/wp-json\/wp\/v2\/posts\/6787"}],"collection":[{"href":"https:\/\/emisora.univalle.edu.co\/index.php\/wp-json\/wp\/v2\/posts"}],"about":[{"href":"https:\/\/emisora.univalle.edu.co\/index.php\/wp-json\/wp\/v2\/types\/post"}],"author":[{"embeddable":true,"href":"https:\/\/emisora.univalle.edu.co\/index.php\/wp-json\/wp\/v2\/users\/1"}],"replies":[{"embeddable":true,"href":"https:\/\/emisora.univalle.edu.co\/index.php\/wp-json\/wp\/v2\/comments?post=6787"}],"version-history":[{"count":1,"href":"https:\/\/emisora.univalle.edu.co\/index.php\/wp-json\/wp\/v2\/posts\/6787\/revisions"}],"predecessor-version":[{"id":6789,"href":"https:\/\/emisora.univalle.edu.co\/index.php\/wp-json\/wp\/v2\/posts\/6787\/revisions\/6789"}],"wp:featuredmedia":[{"embeddable":true,"href":"https:\/\/emisora.univalle.edu.co\/index.php\/wp-json\/wp\/v2\/media\/6768"}],"wp:attachment":[{"href":"https:\/\/emisora.univalle.edu.co\/index.php\/wp-json\/wp\/v2\/media?parent=6787"}],"wp:term":[{"taxonomy":"category","embeddable":true,"href":"https:\/\/emisora.univalle.edu.co\/index.php\/wp-json\/wp\/v2\/categories?post=6787"},{"taxonomy":"post_tag","embeddable":true,"href":"https:\/\/emisora.univalle.edu.co\/index.php\/wp-json\/wp\/v2\/tags?post=6787"}],"curies":[{"name":"wp","href":"https:\/\/api.w.org\/{rel}","templated":true}]}}