{"id":6790,"date":"2015-09-06T08:05:48","date_gmt":"2015-09-06T13:05:48","guid":{"rendered":"https:\/\/emisora.univalle.edu.co\/\/?p=6790"},"modified":"2015-09-03T15:06:53","modified_gmt":"2015-09-03T20:06:53","slug":"parque-de-el-penon-celebrara-29-anos-de-arte-el-ultimo-domingo-de-septiembre","status":"publish","type":"post","link":"https:\/\/emisora.univalle.edu.co\/index.php\/parque-de-el-penon-celebrara-29-anos-de-arte-el-ultimo-domingo-de-septiembre\/","title":{"rendered":"Parque de El Pe\u00f1\u00f3n celebrar\u00e1 29 a\u00f1os de arte el \u00faltimo domingo de septiembre"},"content":{"rendered":"<p><span style=\"line-height: 1.5em;\">La m\u00e1s importante Fiesta de las Artes Pl\u00e1sticas en Cali se llevar\u00e1 a cabo el 27 de septiembre en el Parque del Pe\u00f1\u00f3n, con motivo de celebrarse los 29 a\u00f1os de la exposici\u00f3n de arte en este parque todos los domingos.<\/span><\/p>\n<p>Los m\u00e1s reconocidos artistas pl\u00e1sticos cale\u00f1os expondr\u00e1n sus m\u00e1s recientes obras en pintura, escultura, grabado, dibujo y fotograf\u00eda. Se podr\u00e1n apreciar t\u00e9cnicas como la pintura al \u00f3leo, acr\u00edlico y acuarela. Tambi\u00e9n habr\u00e1 una selecta muestra de artesan\u00edas.<\/p>\n<p>La programaci\u00f3n se cumplir\u00e1 en horario de 9:00 a.m. a 6:00 p.m. e incluye:<\/p>\n<p>1\u00ba. Taller de Pintura Infantil gratuito con el tema: \u2018Los animales en el bosque de tu imaginaci\u00f3n\u2019. Hora: De 10:00 a.m. a 12:00 m.<\/p>\n<p>Este taller estar\u00e1 dirigido por el artista Armando V\u00e1squez.<\/p>\n<p>2\u00ba. Programaci\u00f3n musical con la presentaci\u00f3n del cantautor Juli\u00e1n Rodr\u00edguez y el grupo El Son de Cali. Hora: De 3:00 p.m. a 5:30 p.m.<\/p>\n<p>La celebraci\u00f3n de esta Fiesta de las Artes Pl\u00e1sticas cuenta con el apoyo de la Biblioteca del Centenario y la Secretar\u00eda de Cultura y Turismo del Municipio.<\/p>\n<p>Fuente: Comunicaciones Secretar\u00eda de Cultura.<\/p>\n","protected":false},"excerpt":{"rendered":"<p>La m\u00e1s importante Fiesta de las Artes Pl\u00e1sticas en Cali se llevar\u00e1 a cabo el 27 de septiembre en el Parque del Pe\u00f1\u00f3n, con motivo de celebrarse los 29 a\u00f1os de la exposici\u00f3n de arte en este parque todos los domingos. Los m\u00e1s reconocidos artistas pl\u00e1sticos cale\u00f1os expondr\u00e1n sus m\u00e1s[&#8230;]<\/p>\n","protected":false},"author":1,"featured_media":6764,"comment_status":"open","ping_status":"open","sticky":false,"template":"","format":"standard","meta":{"footnotes":""},"categories":[4],"tags":[],"_links":{"self":[{"href":"https:\/\/emisora.univalle.edu.co\/index.php\/wp-json\/wp\/v2\/posts\/6790"}],"collection":[{"href":"https:\/\/emisora.univalle.edu.co\/index.php\/wp-json\/wp\/v2\/posts"}],"about":[{"href":"https:\/\/emisora.univalle.edu.co\/index.php\/wp-json\/wp\/v2\/types\/post"}],"author":[{"embeddable":true,"href":"https:\/\/emisora.univalle.edu.co\/index.php\/wp-json\/wp\/v2\/users\/1"}],"replies":[{"embeddable":true,"href":"https:\/\/emisora.univalle.edu.co\/index.php\/wp-json\/wp\/v2\/comments?post=6790"}],"version-history":[{"count":1,"href":"https:\/\/emisora.univalle.edu.co\/index.php\/wp-json\/wp\/v2\/posts\/6790\/revisions"}],"predecessor-version":[{"id":6791,"href":"https:\/\/emisora.univalle.edu.co\/index.php\/wp-json\/wp\/v2\/posts\/6790\/revisions\/6791"}],"wp:featuredmedia":[{"embeddable":true,"href":"https:\/\/emisora.univalle.edu.co\/index.php\/wp-json\/wp\/v2\/media\/6764"}],"wp:attachment":[{"href":"https:\/\/emisora.univalle.edu.co\/index.php\/wp-json\/wp\/v2\/media?parent=6790"}],"wp:term":[{"taxonomy":"category","embeddable":true,"href":"https:\/\/emisora.univalle.edu.co\/index.php\/wp-json\/wp\/v2\/categories?post=6790"},{"taxonomy":"post_tag","embeddable":true,"href":"https:\/\/emisora.univalle.edu.co\/index.php\/wp-json\/wp\/v2\/tags?post=6790"}],"curies":[{"name":"wp","href":"https:\/\/api.w.org\/{rel}","templated":true}]}}