{"id":6815,"date":"2015-09-04T15:33:56","date_gmt":"2015-09-04T20:33:56","guid":{"rendered":"https:\/\/emisora.univalle.edu.co\/\/?p=6815"},"modified":"2015-09-04T15:33:56","modified_gmt":"2015-09-04T20:33:56","slug":"pelicula-de-egresado-de-univalle-gana-premio","status":"publish","type":"post","link":"https:\/\/emisora.univalle.edu.co\/index.php\/pelicula-de-egresado-de-univalle-gana-premio\/","title":{"rendered":"Pel\u00edcula de egresado de Univalle gana premio"},"content":{"rendered":"<p><span style=\"line-height: 1.5em;\"><a href=\"https:\/\/emisora.univalle.edu.co\/\/wp-content\/uploads\/2015\/09\/La-sargento-matacho1.jpg\" data-lightbox=\"gal[6815]\"><img loading=\"lazy\" decoding=\"async\" class=\" wp-image-6804 alignleft\" alt=\"La sargento matacho1\" src=\"https:\/\/emisora.univalle.edu.co\/\/wp-content\/uploads\/2015\/09\/La-sargento-matacho1.jpg\" width=\"502\" height=\"377\" srcset=\"https:\/\/emisora.univalle.edu.co\/wp-content\/uploads\/2015\/09\/La-sargento-matacho1.jpg 1024w, https:\/\/emisora.univalle.edu.co\/wp-content\/uploads\/2015\/09\/La-sargento-matacho1-300x225.jpg 300w, https:\/\/emisora.univalle.edu.co\/wp-content\/uploads\/2015\/09\/La-sargento-matacho1-438x328.jpg 438w\" sizes=\"(max-width: 502px) 100vw, 502px\" \/><\/a>La Sargento Matacho, pel\u00edcula del egresado del Programa de Comunicaci\u00f3n Social y Periodismo de la Universidad del Valle William Gonz\u00e1lez Zafra gan\u00f3 el premio a mejor pel\u00edcula en el Festival de Cine de Islantilla, en Espa\u00f1a.<\/span><\/p>\n<p>Este a\u00f1o se presentaron casi 1.200 pel\u00edculas de 65 pa\u00edses distintos para participar en las distintas secciones con las que cuenta la cita cinematogr\u00e1fica.<\/p>\n<p>El filme se llev\u00f3 el premio &#8216;Luna de Islantilla&#8217;, m\u00e1ximo galard\u00f3n del festival, otorgado por un jurado compuesto por las actrices Emma Cohen y Sonia Almarcha, el director de fotograf\u00eda Fernando Arribas, el director Jorge Dorado y el realizador Jaime Vicent.<\/p>\n<p>La sargento Matacho cuenta la historia de Rosalba Vel\u00e1squez, una mujer bandolera atrapada en el espiral de la violencia en Colombia, durante la segunda mitad del Siglo XX.<\/p>\n<p>Adem\u00e1s de este premio, la pel\u00edcula ha sido ganadora del Programa Ibermedia en la modalidad de Coproducci\u00f3n, un premio en Asesor\u00eda de Gui\u00f3n de la Embajada de Francia y el Canal Arte de ese pa\u00eds, y est\u00edmulos de Iberoamerican Film Crossing Borders Guadalajara, el Encuentro de Coproducci\u00f3n del Festival de Cine de Cartagena de Indias y particip\u00f3 en el Encuentro de Coproducci\u00f3n Guadalajara 2010.<\/p>\n<p>Es producida por Enic Producciones y Alpha Acosta de M\u00e9xico y cuenta con la coproducci\u00f3n de Hangar Films en Colombia, con Fabiana Medina, Dami\u00e1n Alc\u00e1zar y Marlon Morno en sus principales papeles, con gui\u00f3n de Marco Antonio L\u00f3pez y Matilde Rodr\u00edguez.<\/p>\n<p>La sargento Matacho es una pel\u00edcula de \u00e9poca recreada en los a\u00f1os 50, con m\u00e1s de 100 actores de reparto, 300 extras y 80 personas del equipo de producci\u00f3n.<\/p>\n<p>Seg\u00fan William Gonz\u00e1lez Zafra su objetivo con el filme\u00a0 \u201ces\u00a0 mostrar ese ejercicio despiadado, asombroso y desconcertante\u00a0 de la violencia en Colombia, que es c\u00edclica y que todav\u00eda no termina\u201d.<\/p>\n<p>Volver la mirada sobre el inicio del conflicto colombiano ha hecho que para muchos\u00a0 La Sargento Matacho sea la pel\u00edcula emblem\u00e1tica de la paz y la reconciliaci\u00f3n. La Alcald\u00eda de Cali la seleccion\u00f3 para\u00a0 un programa piloto, Reflexionando con Matacho, como base para una\u00a0 pedagog\u00eda de paz.<a href=\"https:\/\/emisora.univalle.edu.co\/\/wp-content\/uploads\/2015\/09\/La-sargento-matacho2.jpg\" data-lightbox=\"gal[6815]\"><img loading=\"lazy\" decoding=\"async\" class=\"alignright  wp-image-6805\" alt=\"La sargento matacho2\" src=\"https:\/\/emisora.univalle.edu.co\/\/wp-content\/uploads\/2015\/09\/La-sargento-matacho2.jpg\" width=\"538\" height=\"302\" srcset=\"https:\/\/emisora.univalle.edu.co\/wp-content\/uploads\/2015\/09\/La-sargento-matacho2.jpg 1280w, https:\/\/emisora.univalle.edu.co\/wp-content\/uploads\/2015\/09\/La-sargento-matacho2-300x168.jpg 300w, https:\/\/emisora.univalle.edu.co\/wp-content\/uploads\/2015\/09\/La-sargento-matacho2-1024x576.jpg 1024w, https:\/\/emisora.univalle.edu.co\/wp-content\/uploads\/2015\/09\/La-sargento-matacho2-438x246.jpg 438w\" sizes=\"(max-width: 538px) 100vw, 538px\" \/><\/a><\/p>\n<p>\u201cLa pel\u00edcula nos permite ver que en este conflicto todos tenemos responsabilidades y que es hora de reconciliarnos\u201d, dice Alina Hleap, la productora cale\u00f1a, tambi\u00e9n egresada de la Universidad del Valle que\u00a0 apost\u00f3 por esta historia.<\/p>\n<p>Ahora est\u00e1 en busca de nuevas alianzas con la Federaci\u00f3n Nacional de Personeros de Colombia, Fenalprer, y el Alto Comisionado para la Paz, para exhibirla en todos los municipios de la geograf\u00eda nacional.<\/p>\n<p>Vea el tr\u00e1iler de la pel\u00edcula aqu\u00ed:\u00a0https:\/\/www.youtube.com\/watch?v=IP5SSPj2N4U<\/p>\n<p>Fuente: Agencia de Noticias Univalle<\/p>\n","protected":false},"excerpt":{"rendered":"<p>La Sargento Matacho, pel\u00edcula del egresado del Programa de Comunicaci\u00f3n Social y Periodismo de la Universidad del Valle William Gonz\u00e1lez Zafra gan\u00f3 el premio a mejor pel\u00edcula en el Festival de Cine de Islantilla, en Espa\u00f1a. Este a\u00f1o se presentaron casi 1.200 pel\u00edculas de 65 pa\u00edses distintos para participar en[&#8230;]<\/p>\n","protected":false},"author":1,"featured_media":6808,"comment_status":"open","ping_status":"open","sticky":false,"template":"","format":"standard","meta":{"footnotes":""},"categories":[4],"tags":[],"_links":{"self":[{"href":"https:\/\/emisora.univalle.edu.co\/index.php\/wp-json\/wp\/v2\/posts\/6815"}],"collection":[{"href":"https:\/\/emisora.univalle.edu.co\/index.php\/wp-json\/wp\/v2\/posts"}],"about":[{"href":"https:\/\/emisora.univalle.edu.co\/index.php\/wp-json\/wp\/v2\/types\/post"}],"author":[{"embeddable":true,"href":"https:\/\/emisora.univalle.edu.co\/index.php\/wp-json\/wp\/v2\/users\/1"}],"replies":[{"embeddable":true,"href":"https:\/\/emisora.univalle.edu.co\/index.php\/wp-json\/wp\/v2\/comments?post=6815"}],"version-history":[{"count":1,"href":"https:\/\/emisora.univalle.edu.co\/index.php\/wp-json\/wp\/v2\/posts\/6815\/revisions"}],"predecessor-version":[{"id":6816,"href":"https:\/\/emisora.univalle.edu.co\/index.php\/wp-json\/wp\/v2\/posts\/6815\/revisions\/6816"}],"wp:featuredmedia":[{"embeddable":true,"href":"https:\/\/emisora.univalle.edu.co\/index.php\/wp-json\/wp\/v2\/media\/6808"}],"wp:attachment":[{"href":"https:\/\/emisora.univalle.edu.co\/index.php\/wp-json\/wp\/v2\/media?parent=6815"}],"wp:term":[{"taxonomy":"category","embeddable":true,"href":"https:\/\/emisora.univalle.edu.co\/index.php\/wp-json\/wp\/v2\/categories?post=6815"},{"taxonomy":"post_tag","embeddable":true,"href":"https:\/\/emisora.univalle.edu.co\/index.php\/wp-json\/wp\/v2\/tags?post=6815"}],"curies":[{"name":"wp","href":"https:\/\/api.w.org\/{rel}","templated":true}]}}