{"id":6817,"date":"2015-09-04T15:34:41","date_gmt":"2015-09-04T20:34:41","guid":{"rendered":"https:\/\/emisora.univalle.edu.co\/\/?p=6817"},"modified":"2015-09-04T15:34:41","modified_gmt":"2015-09-04T20:34:41","slug":"secretaria-del-deporte-asumira-reparacion-de-las-piscinas-alberto-galindo","status":"publish","type":"post","link":"https:\/\/emisora.univalle.edu.co\/index.php\/secretaria-del-deporte-asumira-reparacion-de-las-piscinas-alberto-galindo\/","title":{"rendered":"Secretar\u00eda del Deporte asumir\u00e1 reparaci\u00f3n de las piscinas Alberto Galindo"},"content":{"rendered":"<p><span style=\"line-height: 1.5em;\">La Secretar\u00eda de Deporte y Recreaci\u00f3n de Santiago de Cali decidi\u00f3 asumir la reparaci\u00f3n de las piscinas Alberto Galindo Herrera, debido al incumplimiento de la Liga Vallecaucana de Actividades Subacu\u00e1ticas en el convenio de administraci\u00f3n de este escenario.<\/span><\/p>\n<p>Como se recordar\u00e1, un da\u00f1o en la bomba de inyecci\u00f3n de agua y el filtro de agua est\u00e1 presentando corrosi\u00f3n interna en las piscinas de clavados y las de 50 metros, hecho que oblig\u00f3 al cierre del escenario.<\/p>\n<p>La secretaria de Deporte, Claudia Fernanda Rojas, confirm\u00f3 que la Liga Vallecaucana de Actividades Subacu\u00e1ticas tiene un contrato de administraci\u00f3n del escenario, que prev\u00e9 el mantenimiento preventivo y correctivo a cargo de esa entidad, que se responsabiliz\u00f3 de la reparaci\u00f3n de las piscinas, mientras que la dependencia municipal asumi\u00f3 la dotaci\u00f3n de los insumos necesarios para su funcionamiento \u00f3ptimo.<\/p>\n<p>De igual forma, la secretaria Rojas anunci\u00f3 que se tiene proyectado para el a\u00f1o 2016 el cambio de equipos que mantienen en funcionamiento las piscinas, de acuerdo con el trabajo de modernizaci\u00f3n de todas las piscinas de alto rendimiento, a cargo del municipio.<\/p>\n<p>Ante la preocupaci\u00f3n de la Secretar\u00eda de Deporte y Recreaci\u00f3n de no afectar la preparaci\u00f3n de los deportistas cale\u00f1os y vallecaucanos con miras a los Juegos Nacionales y dar una soluci\u00f3n inmediata que permita la reapertura de las piscinas, la titular del deporte cale\u00f1o y sus funcionarios asumieron la responsabilidad de entregar en el menor tiempo el funcionamiento de las piscinas Alberto Galindo Herrera.<\/p>\n<p>Fuente: Comunicaciones Alcald\u00eda<\/p>\n","protected":false},"excerpt":{"rendered":"<p>La Secretar\u00eda de Deporte y Recreaci\u00f3n de Santiago de Cali decidi\u00f3 asumir la reparaci\u00f3n de las piscinas Alberto Galindo Herrera, debido al incumplimiento de la Liga Vallecaucana de Actividades Subacu\u00e1ticas en el convenio de administraci\u00f3n de este escenario. Como se recordar\u00e1, un da\u00f1o en la bomba de inyecci\u00f3n de agua[&#8230;]<\/p>\n","protected":false},"author":1,"featured_media":6807,"comment_status":"open","ping_status":"open","sticky":false,"template":"","format":"standard","meta":{"footnotes":""},"categories":[4],"tags":[],"_links":{"self":[{"href":"https:\/\/emisora.univalle.edu.co\/index.php\/wp-json\/wp\/v2\/posts\/6817"}],"collection":[{"href":"https:\/\/emisora.univalle.edu.co\/index.php\/wp-json\/wp\/v2\/posts"}],"about":[{"href":"https:\/\/emisora.univalle.edu.co\/index.php\/wp-json\/wp\/v2\/types\/post"}],"author":[{"embeddable":true,"href":"https:\/\/emisora.univalle.edu.co\/index.php\/wp-json\/wp\/v2\/users\/1"}],"replies":[{"embeddable":true,"href":"https:\/\/emisora.univalle.edu.co\/index.php\/wp-json\/wp\/v2\/comments?post=6817"}],"version-history":[{"count":1,"href":"https:\/\/emisora.univalle.edu.co\/index.php\/wp-json\/wp\/v2\/posts\/6817\/revisions"}],"predecessor-version":[{"id":6818,"href":"https:\/\/emisora.univalle.edu.co\/index.php\/wp-json\/wp\/v2\/posts\/6817\/revisions\/6818"}],"wp:featuredmedia":[{"embeddable":true,"href":"https:\/\/emisora.univalle.edu.co\/index.php\/wp-json\/wp\/v2\/media\/6807"}],"wp:attachment":[{"href":"https:\/\/emisora.univalle.edu.co\/index.php\/wp-json\/wp\/v2\/media?parent=6817"}],"wp:term":[{"taxonomy":"category","embeddable":true,"href":"https:\/\/emisora.univalle.edu.co\/index.php\/wp-json\/wp\/v2\/categories?post=6817"},{"taxonomy":"post_tag","embeddable":true,"href":"https:\/\/emisora.univalle.edu.co\/index.php\/wp-json\/wp\/v2\/tags?post=6817"}],"curies":[{"name":"wp","href":"https:\/\/api.w.org\/{rel}","templated":true}]}}