{"id":6819,"date":"2015-09-04T15:35:36","date_gmt":"2015-09-04T20:35:36","guid":{"rendered":"https:\/\/emisora.univalle.edu.co\/\/?p=6819"},"modified":"2015-09-04T15:35:36","modified_gmt":"2015-09-04T20:35:36","slug":"embajador-de-peru-visitara-univalle","status":"publish","type":"post","link":"https:\/\/emisora.univalle.edu.co\/index.php\/embajador-de-peru-visitara-univalle\/","title":{"rendered":"Embajador de Per\u00fa visitar\u00e1 Univalle"},"content":{"rendered":"<p><span style=\"line-height: 1.5em;\">El embajador de Per\u00fa en Colombia N\u00e9stor Popolizio visitar\u00e1 la Universidad del Valle, Campus Mel\u00e9ndez, el pr\u00f3ximo 10 de septiembre, a las 7:00 p.m., como parte de la inauguraci\u00f3n de las exposiciones art\u00edsticas \u201cProfundo respirar\u201d y \u201cAmazonas: \u00faltimo para\u00edso m\u00e1gico\u201d.<\/span><\/p>\n<p>Ambas exposiciones estar\u00e1n abiertas desde el 10 hasta el 28 de septiembre en la Sala Jos\u00e9 Celestino Mutis de la Biblioteca Mario Carvajal.<\/p>\n<p>En \u201cProfundo respirar, acercamiento al arte bidimensional de Cusco 1990-2014\u201d, se intenta mostrar al individuo de este punto geogr\u00e1fico que, m\u00e1s all\u00e1 del turismo, vive entre la tradici\u00f3n y la modernidad y se evidencia en artistas inquietos por la experimentaci\u00f3n que incorporan las est\u00e9ticas contempor\u00e1neas. Las obras de esta muestra son de los pintores: Jos\u00e9 Luis Carre\u00f1o Zarate, Mario Curasi Rodr\u00edguez, Napole\u00f3n Rojas Veramende, Carlos Bardales Rojas y Victor \u00c1ngel Z\u00fa\u00f1iga Aedo, entre otros.<\/p>\n<p>\u201cAmazonas: \u00faltimo para\u00edso m\u00e1gico\u201d refleja el inter\u00e9s de los artistas Antonio Garc\u00eda, Gino Ceccarelly y Rember Yahuarcani por la Amazon\u00eda peruana. En esta exposici\u00f3n se establece una reflexi\u00f3n sobre la importancia de conservar y proteger las culturas vivas de la Amazon\u00eda desde su legado espiritual \u2013conocimientos\u00a0 ancestrales- hasta el valor real del cuidado de la biodiversidad de sus ecosistemas.<\/p>\n<p>Como parte del acto inaugural,\u00a0 a las 5:00 p.m. en la Sala Mutis se dictar\u00e1 la charla \u201cPer\u00fa: un pa\u00eds acad\u00e9mico y cultural por explorar\u201d a cargo de la Direcci\u00f3n de Relaciones Internacionales de la Universidad del Valle y la Embajada del Per\u00fa. En esta charla se abordar\u00e1n las opciones de movilidad e intercambio para estudiantes y docentes.<\/p>\n<p>Estas muestras art\u00edsticas llegan a Colombia por una gesti\u00f3n en conjunto de la Embajada del Per\u00fa y la Facultad de Artes Integradas de la Universidad del Valle.<\/p>\n<p>Fuente: Agencia de Noticias Univalle<\/p>\n","protected":false},"excerpt":{"rendered":"<p>El embajador de Per\u00fa en Colombia N\u00e9stor Popolizio visitar\u00e1 la Universidad del Valle, Campus Mel\u00e9ndez, el pr\u00f3ximo 10 de septiembre, a las 7:00 p.m., como parte de la inauguraci\u00f3n de las exposiciones art\u00edsticas \u201cProfundo respirar\u201d y \u201cAmazonas: \u00faltimo para\u00edso m\u00e1gico\u201d. Ambas exposiciones estar\u00e1n abiertas desde el 10 hasta el 28[&#8230;]<\/p>\n","protected":false},"author":1,"featured_media":6800,"comment_status":"open","ping_status":"open","sticky":false,"template":"","format":"standard","meta":{"footnotes":""},"categories":[4],"tags":[],"_links":{"self":[{"href":"https:\/\/emisora.univalle.edu.co\/index.php\/wp-json\/wp\/v2\/posts\/6819"}],"collection":[{"href":"https:\/\/emisora.univalle.edu.co\/index.php\/wp-json\/wp\/v2\/posts"}],"about":[{"href":"https:\/\/emisora.univalle.edu.co\/index.php\/wp-json\/wp\/v2\/types\/post"}],"author":[{"embeddable":true,"href":"https:\/\/emisora.univalle.edu.co\/index.php\/wp-json\/wp\/v2\/users\/1"}],"replies":[{"embeddable":true,"href":"https:\/\/emisora.univalle.edu.co\/index.php\/wp-json\/wp\/v2\/comments?post=6819"}],"version-history":[{"count":1,"href":"https:\/\/emisora.univalle.edu.co\/index.php\/wp-json\/wp\/v2\/posts\/6819\/revisions"}],"predecessor-version":[{"id":6820,"href":"https:\/\/emisora.univalle.edu.co\/index.php\/wp-json\/wp\/v2\/posts\/6819\/revisions\/6820"}],"wp:featuredmedia":[{"embeddable":true,"href":"https:\/\/emisora.univalle.edu.co\/index.php\/wp-json\/wp\/v2\/media\/6800"}],"wp:attachment":[{"href":"https:\/\/emisora.univalle.edu.co\/index.php\/wp-json\/wp\/v2\/media?parent=6819"}],"wp:term":[{"taxonomy":"category","embeddable":true,"href":"https:\/\/emisora.univalle.edu.co\/index.php\/wp-json\/wp\/v2\/categories?post=6819"},{"taxonomy":"post_tag","embeddable":true,"href":"https:\/\/emisora.univalle.edu.co\/index.php\/wp-json\/wp\/v2\/tags?post=6819"}],"curies":[{"name":"wp","href":"https:\/\/api.w.org\/{rel}","templated":true}]}}