{"id":6821,"date":"2015-09-04T15:36:39","date_gmt":"2015-09-04T20:36:39","guid":{"rendered":"https:\/\/emisora.univalle.edu.co\/\/?p=6821"},"modified":"2015-09-04T15:41:41","modified_gmt":"2015-09-04T20:41:41","slug":"director-e-del-huv-declaro-en-estado-de-emergencia-la-entidad","status":"publish","type":"post","link":"https:\/\/emisora.univalle.edu.co\/index.php\/director-e-del-huv-declaro-en-estado-de-emergencia-la-entidad\/","title":{"rendered":"Director ( e) del HUV declar\u00f3 en estado de emergencia a la entidad"},"content":{"rendered":"<p><span style=\"line-height: 1.5em;\">El director del Hospital Universitario del Valle declar\u00f3 a la entidad hospitalaria en estado de emergencia por falta de recursos para suministrar insumos b\u00e1sicos de funcionamiento. Las declaraciones se dieron en rueda de prensa con medios de comunicaci\u00f3n local y regional.<\/span><\/p>\n<p>\u00abEsta es la situaci\u00f3n m\u00e1s cr\u00edtica que ha presentado el hospital desde su creaci\u00f3n, porque llegar al punto de no tener recursos ni quiera para contratar lo m\u00e1s m\u00ednimo como son los insumos, los medicamentos, nos obliga a tener unas conclusiones m\u00e1s concretas\u00bb, as\u00ed lo dio a conocer el director del HUV Jairo Corchuelo Ojeda.<\/p>\n<p>Una de las instituciones hospitalarias m\u00e1s emblem\u00e1ticas del pa\u00eds, se encuentra hoy sumida en una crisis financiera. La administraci\u00f3n departamental y directivos de la salud del Valle, trabajan para salvaguardar el funcionamiento del HUV.<\/p>\n<p>\u00abMa\u00f1ana tendremos una junta directiva en la que tendremos la propuesta de una adici\u00f3n presupuestal para airear un poco la situaci\u00f3n actual del Hospital\u00bb, dijo el director Corchuelo.<\/p>\n<p>Fuente: Comunicaciones Gobernaci\u00f3n<\/p>\n","protected":false},"excerpt":{"rendered":"<p>El director del Hospital Universitario del Valle declar\u00f3 a la entidad hospitalaria en estado de emergencia por falta de recursos para suministrar insumos b\u00e1sicos de funcionamiento. Las declaraciones se dieron en rueda de prensa con medios de comunicaci\u00f3n local y regional. \u00abEsta es la situaci\u00f3n m\u00e1s cr\u00edtica que ha presentado[&#8230;]<\/p>\n","protected":false},"author":1,"featured_media":5682,"comment_status":"open","ping_status":"open","sticky":false,"template":"","format":"standard","meta":{"footnotes":""},"categories":[4],"tags":[],"_links":{"self":[{"href":"https:\/\/emisora.univalle.edu.co\/index.php\/wp-json\/wp\/v2\/posts\/6821"}],"collection":[{"href":"https:\/\/emisora.univalle.edu.co\/index.php\/wp-json\/wp\/v2\/posts"}],"about":[{"href":"https:\/\/emisora.univalle.edu.co\/index.php\/wp-json\/wp\/v2\/types\/post"}],"author":[{"embeddable":true,"href":"https:\/\/emisora.univalle.edu.co\/index.php\/wp-json\/wp\/v2\/users\/1"}],"replies":[{"embeddable":true,"href":"https:\/\/emisora.univalle.edu.co\/index.php\/wp-json\/wp\/v2\/comments?post=6821"}],"version-history":[{"count":1,"href":"https:\/\/emisora.univalle.edu.co\/index.php\/wp-json\/wp\/v2\/posts\/6821\/revisions"}],"predecessor-version":[{"id":6822,"href":"https:\/\/emisora.univalle.edu.co\/index.php\/wp-json\/wp\/v2\/posts\/6821\/revisions\/6822"}],"wp:featuredmedia":[{"embeddable":true,"href":"https:\/\/emisora.univalle.edu.co\/index.php\/wp-json\/wp\/v2\/media\/5682"}],"wp:attachment":[{"href":"https:\/\/emisora.univalle.edu.co\/index.php\/wp-json\/wp\/v2\/media?parent=6821"}],"wp:term":[{"taxonomy":"category","embeddable":true,"href":"https:\/\/emisora.univalle.edu.co\/index.php\/wp-json\/wp\/v2\/categories?post=6821"},{"taxonomy":"post_tag","embeddable":true,"href":"https:\/\/emisora.univalle.edu.co\/index.php\/wp-json\/wp\/v2\/tags?post=6821"}],"curies":[{"name":"wp","href":"https:\/\/api.w.org\/{rel}","templated":true}]}}