{"id":6850,"date":"2015-09-09T08:00:00","date_gmt":"2015-09-09T13:00:00","guid":{"rendered":"https:\/\/emisora.univalle.edu.co\/\/?p=6850"},"modified":"2015-09-07T14:53:15","modified_gmt":"2015-09-07T19:53:15","slug":"maxima-seguridad-en-el-teatro-municipal-enrique-buenaventura","status":"publish","type":"post","link":"https:\/\/emisora.univalle.edu.co\/index.php\/maxima-seguridad-en-el-teatro-municipal-enrique-buenaventura\/","title":{"rendered":"M\u00e1xima seguridad, en el Teatro Municipal Enrique Buenaventura"},"content":{"rendered":"<p><span style=\"line-height: 1.5em;\">Los horrores del confinamiento carcelario, partiendo de lo que sucede en las prisiones colombianas, con su problem\u00e1tica de hacinamiento, degradaci\u00f3n, luchas de poder, corrupci\u00f3n y violencia, son los ejes tem\u00e1ticos de la obra \u2018M\u00e1xima Seguridad\u2019, que se presenta esta semana, de jueves a s\u00e1bado, en el Teatrino del Teatro Municipal \u2018Enrique Buenaventura\u2019.<\/span><\/p>\n<p>La Compa\u00f1\u00eda Nacional de las Artes presenta un montaje esc\u00e9nico que ha obtenido el reconocimiento de la cr\u00edtica especializada en Colombia y el exterior.\u00a0 Esta obra de Piedad Bonnett, presenta las tensiones y fricciones que son naturales entre personas que pasan juntas y por obligaci\u00f3n muchas horas, a medida que el drama del presente se desarrolla van aflorando, como con cuentagotas, aspectos de su pasado que terminan por iluminar, medianamente, sus vidas y los conflictos que los han acompa\u00f1ado.<\/p>\n<p>La trama relata las acciones de cuatro personajes: tres presos y un guarda. Los reclusos son dos hombres de unos cuarenta a\u00f1os, uno de ellos un ex paramilitar y el otro un delincuente com\u00fan, y un joven de unos veinte a\u00f1os.<\/p>\n<p>La obra se presentar\u00e1 los d\u00edas jueves 10, viernes 11 y s\u00e1bado 12 de septiembre de 2015, a partir de las 7:30 de la noche, en el Teatrino del Teatro Municipal \u2018Enrique Buenaventura\u2019.<\/p>\n<p>La boleter\u00eda que se puede adquirir en la taquilla del Teatro, presenta favorables descuentos, para las personas de la tercera edad y estudiantes, que deber\u00e1n presentar el carn\u00e9 vigente.<\/p>\n<p>Fuente: Comunicaciones Alcald\u00eda<\/p>\n","protected":false},"excerpt":{"rendered":"<p>Los horrores del confinamiento carcelario, partiendo de lo que sucede en las prisiones colombianas, con su problem\u00e1tica de hacinamiento, degradaci\u00f3n, luchas de poder, corrupci\u00f3n y violencia, son los ejes tem\u00e1ticos de la obra \u2018M\u00e1xima Seguridad\u2019, que se presenta esta semana, de jueves a s\u00e1bado, en el Teatrino del Teatro Municipal[&#8230;]<\/p>\n","protected":false},"author":1,"featured_media":6840,"comment_status":"open","ping_status":"open","sticky":false,"template":"","format":"standard","meta":{"footnotes":""},"categories":[4],"tags":[],"_links":{"self":[{"href":"https:\/\/emisora.univalle.edu.co\/index.php\/wp-json\/wp\/v2\/posts\/6850"}],"collection":[{"href":"https:\/\/emisora.univalle.edu.co\/index.php\/wp-json\/wp\/v2\/posts"}],"about":[{"href":"https:\/\/emisora.univalle.edu.co\/index.php\/wp-json\/wp\/v2\/types\/post"}],"author":[{"embeddable":true,"href":"https:\/\/emisora.univalle.edu.co\/index.php\/wp-json\/wp\/v2\/users\/1"}],"replies":[{"embeddable":true,"href":"https:\/\/emisora.univalle.edu.co\/index.php\/wp-json\/wp\/v2\/comments?post=6850"}],"version-history":[{"count":1,"href":"https:\/\/emisora.univalle.edu.co\/index.php\/wp-json\/wp\/v2\/posts\/6850\/revisions"}],"predecessor-version":[{"id":6851,"href":"https:\/\/emisora.univalle.edu.co\/index.php\/wp-json\/wp\/v2\/posts\/6850\/revisions\/6851"}],"wp:featuredmedia":[{"embeddable":true,"href":"https:\/\/emisora.univalle.edu.co\/index.php\/wp-json\/wp\/v2\/media\/6840"}],"wp:attachment":[{"href":"https:\/\/emisora.univalle.edu.co\/index.php\/wp-json\/wp\/v2\/media?parent=6850"}],"wp:term":[{"taxonomy":"category","embeddable":true,"href":"https:\/\/emisora.univalle.edu.co\/index.php\/wp-json\/wp\/v2\/categories?post=6850"},{"taxonomy":"post_tag","embeddable":true,"href":"https:\/\/emisora.univalle.edu.co\/index.php\/wp-json\/wp\/v2\/tags?post=6850"}],"curies":[{"name":"wp","href":"https:\/\/api.w.org\/{rel}","templated":true}]}}