{"id":6852,"date":"2015-09-07T14:54:36","date_gmt":"2015-09-07T19:54:36","guid":{"rendered":"https:\/\/emisora.univalle.edu.co\/\/?p=6852"},"modified":"2015-09-07T14:54:36","modified_gmt":"2015-09-07T19:54:36","slug":"se-ajustan-de-parada-del-mio-desde-hoy","status":"publish","type":"post","link":"https:\/\/emisora.univalle.edu.co\/index.php\/se-ajustan-de-parada-del-mio-desde-hoy\/","title":{"rendered":"Se ajustan de parada del MIO desde hoy"},"content":{"rendered":"<p><span style=\"line-height: 1.5em;\">Atendiendo las solicitudes de la comunidad en el norte de la ciudad, y con el fin de mejorar la prestaci\u00f3n del servicio del MIO y la movilidad del resto del tr\u00e1nsito automotor, desde hoy lunes 7 de septiembre, se ajustar\u00e1 la parada\u00a0 doble ubicada sobre la calzada lateral de la Calle 70N entre las avenidas 2N y 3N frente al Hipermercado La 14.<\/span><\/p>\n<p>Por tal raz\u00f3n, las rutas A21, A22 y P27D dejar\u00e1n de atender la parada mencionada anteriormente. Mientras que las rutas P12A y P30A atender\u00e1n el primer puesto de\u00a0 parada y las rutas P24A, P24C, P21B y P27C atender\u00e1n el segundo puesto de dicha parada. Estos ajustes, contempla la cancelaci\u00f3n de la parada ubicada sobre la calzada central o principal.<\/p>\n<p>Por otro lado, a los barrios Ciudad C\u00f3rdoba y Mariano Ramos, se le adicionar\u00e1n 7 nuevas paradas\u00a0 (4 en un sentido y 3 en el otro), sobre el tramo de la Carrera 50 entre la Autopista Sim\u00f3n Bol\u00edvar y la Avenida Ciudad de Cali, que ser\u00e1n atendidas por la\u00a0 ruta P57 Los Mangos \u2013 Unidad Deportiva.<\/p>\n<p>Otros cambios en puntos de parada:<\/p>\n<p>Ciudad Los \u00c1lamos &#8211; Comuna 2: se adicionar\u00e1 una\u00a0 parada en la Avenida 2N entre las calles 70N y 67N, para atender la comunidad que habita en las unidades residenciales adyacentes,\u00a0 con el servicio de las rutas\u00a0 A23, P52C y E27.<\/p>\n<p>Calimio Decepaz &#8211; Comuna 21: se adicionar\u00e1n dos paradas;\u00a0 una en cada sentido,\u00a0 en la Calle 121 entre las carreras 26M y 26M1.\u00a0 Estas ser\u00e1n atendidas por las\u00a0 rutas T42 y A47.<\/p>\n<p>Promociones Populares &#8211; Comuna 14: se adicionar\u00e1 una parada\u00a0 en la Calle 97 entre carreras 26D y 26C1, la cual ser\u00e1 atendida por la\u00a0 ruta A44B.<\/p>\n<p>Fuente: Comunicaciones Alcald\u00eda<\/p>\n","protected":false},"excerpt":{"rendered":"<p>Atendiendo las solicitudes de la comunidad en el norte de la ciudad, y con el fin de mejorar la prestaci\u00f3n del servicio del MIO y la movilidad del resto del tr\u00e1nsito automotor, desde hoy lunes 7 de septiembre, se ajustar\u00e1 la parada\u00a0 doble ubicada sobre la calzada lateral de la[&#8230;]<\/p>\n","protected":false},"author":1,"featured_media":4974,"comment_status":"open","ping_status":"open","sticky":false,"template":"","format":"standard","meta":{"footnotes":""},"categories":[4],"tags":[],"_links":{"self":[{"href":"https:\/\/emisora.univalle.edu.co\/index.php\/wp-json\/wp\/v2\/posts\/6852"}],"collection":[{"href":"https:\/\/emisora.univalle.edu.co\/index.php\/wp-json\/wp\/v2\/posts"}],"about":[{"href":"https:\/\/emisora.univalle.edu.co\/index.php\/wp-json\/wp\/v2\/types\/post"}],"author":[{"embeddable":true,"href":"https:\/\/emisora.univalle.edu.co\/index.php\/wp-json\/wp\/v2\/users\/1"}],"replies":[{"embeddable":true,"href":"https:\/\/emisora.univalle.edu.co\/index.php\/wp-json\/wp\/v2\/comments?post=6852"}],"version-history":[{"count":1,"href":"https:\/\/emisora.univalle.edu.co\/index.php\/wp-json\/wp\/v2\/posts\/6852\/revisions"}],"predecessor-version":[{"id":6853,"href":"https:\/\/emisora.univalle.edu.co\/index.php\/wp-json\/wp\/v2\/posts\/6852\/revisions\/6853"}],"wp:featuredmedia":[{"embeddable":true,"href":"https:\/\/emisora.univalle.edu.co\/index.php\/wp-json\/wp\/v2\/media\/4974"}],"wp:attachment":[{"href":"https:\/\/emisora.univalle.edu.co\/index.php\/wp-json\/wp\/v2\/media?parent=6852"}],"wp:term":[{"taxonomy":"category","embeddable":true,"href":"https:\/\/emisora.univalle.edu.co\/index.php\/wp-json\/wp\/v2\/categories?post=6852"},{"taxonomy":"post_tag","embeddable":true,"href":"https:\/\/emisora.univalle.edu.co\/index.php\/wp-json\/wp\/v2\/tags?post=6852"}],"curies":[{"name":"wp","href":"https:\/\/api.w.org\/{rel}","templated":true}]}}