{"id":6856,"date":"2015-09-07T14:57:23","date_gmt":"2015-09-07T19:57:23","guid":{"rendered":"https:\/\/emisora.univalle.edu.co\/\/?p=6856"},"modified":"2015-09-07T14:57:23","modified_gmt":"2015-09-07T19:57:23","slug":"pianista-aleman-de-concierto-en-melendez","status":"publish","type":"post","link":"https:\/\/emisora.univalle.edu.co\/index.php\/pianista-aleman-de-concierto-en-melendez\/","title":{"rendered":"Pianista alem\u00e1n, de concierto en Mel\u00e9ndez"},"content":{"rendered":"<p><span style=\"line-height: 1.5em;\">El pianista y compositor alem\u00e1n Stephan von Bothmer estar\u00e1 este viernes 11 de septiembre en el Campus Mel\u00e9ndez de la Universidad del Valle, en el cual musicalizar\u00e1 la pel\u00edcula Nosferatu. Este concierto se realizar\u00e1 a las 6:30 p.m., en el Auditorio 5.<\/span><\/p>\n<p>Adem\u00e1s, como parte de su visita a la Universidad, dictar\u00e1 un taller de M\u00fasica para Audiovisuales los d\u00edas 10 y 11 de septiembre.<\/p>\n<p>Este artista, reconocido por ser el fundador de la serie de conciertos de cine mudo del Kino Babylon en Berl\u00edn, viene a Cali por invitaci\u00f3n de la Facultad de Artes Integradas y la Fundaci\u00f3n Centro Cultural Colombo Alem\u00e1n para hacer parte de la programaci\u00f3n de \u201cAC\u00c1 &#8211; Agosto Colombo-Alem\u00e1n\u201d.<\/p>\n<p>Von Bothmer realiz\u00f3 estudios musicales entre 1994 y 2001 en la Universidad de las Artes en Berl\u00edn y de Matem\u00e1tica en la TU Berl\u00edn y la Universidad de Freiburg. Al final de sus estudios se inclin\u00f3 hacia la musicalizaci\u00f3n de pel\u00edculas silentes, utilizando motivos y temas de la m\u00fasica cl\u00e1sica y nueva,\u00a0 del jazz y el pop.\u00a0 Desde 2006 presenta en Kino Babylon de Berl\u00edn largometrajes que \u00e9l mismo acompa\u00f1a al piano o en el \u00f3rgano de cine: el cine tronium, un \u00f3rgano electr\u00f3nico desarrollado por \u00e9l.<\/p>\n<p>Stephan von Bothmer se presenta con regularidad y principalmente en festivales de cine, entre los cuales est\u00e1 el festival de cortometrajes Going Underground de la Berlinale, o el Festival de Cine de Mainz.<\/p>\n<p>Nosferatu es una pel\u00edcula expresionista de 1922, dirigida por Friedrich Wilhelm Murnau; una adaptaci\u00f3n de la novela Dr\u00e1cula de Bram Stoker.<\/p>\n<p>Fuente: Agencia de Noticias Univalle<\/p>\n","protected":false},"excerpt":{"rendered":"<p>El pianista y compositor alem\u00e1n Stephan von Bothmer estar\u00e1 este viernes 11 de septiembre en el Campus Mel\u00e9ndez de la Universidad del Valle, en el cual musicalizar\u00e1 la pel\u00edcula Nosferatu. Este concierto se realizar\u00e1 a las 6:30 p.m., en el Auditorio 5. Adem\u00e1s, como parte de su visita a la[&#8230;]<\/p>\n","protected":false},"author":1,"featured_media":6838,"comment_status":"open","ping_status":"open","sticky":false,"template":"","format":"standard","meta":{"footnotes":""},"categories":[4],"tags":[],"_links":{"self":[{"href":"https:\/\/emisora.univalle.edu.co\/index.php\/wp-json\/wp\/v2\/posts\/6856"}],"collection":[{"href":"https:\/\/emisora.univalle.edu.co\/index.php\/wp-json\/wp\/v2\/posts"}],"about":[{"href":"https:\/\/emisora.univalle.edu.co\/index.php\/wp-json\/wp\/v2\/types\/post"}],"author":[{"embeddable":true,"href":"https:\/\/emisora.univalle.edu.co\/index.php\/wp-json\/wp\/v2\/users\/1"}],"replies":[{"embeddable":true,"href":"https:\/\/emisora.univalle.edu.co\/index.php\/wp-json\/wp\/v2\/comments?post=6856"}],"version-history":[{"count":1,"href":"https:\/\/emisora.univalle.edu.co\/index.php\/wp-json\/wp\/v2\/posts\/6856\/revisions"}],"predecessor-version":[{"id":6857,"href":"https:\/\/emisora.univalle.edu.co\/index.php\/wp-json\/wp\/v2\/posts\/6856\/revisions\/6857"}],"wp:featuredmedia":[{"embeddable":true,"href":"https:\/\/emisora.univalle.edu.co\/index.php\/wp-json\/wp\/v2\/media\/6838"}],"wp:attachment":[{"href":"https:\/\/emisora.univalle.edu.co\/index.php\/wp-json\/wp\/v2\/media?parent=6856"}],"wp:term":[{"taxonomy":"category","embeddable":true,"href":"https:\/\/emisora.univalle.edu.co\/index.php\/wp-json\/wp\/v2\/categories?post=6856"},{"taxonomy":"post_tag","embeddable":true,"href":"https:\/\/emisora.univalle.edu.co\/index.php\/wp-json\/wp\/v2\/tags?post=6856"}],"curies":[{"name":"wp","href":"https:\/\/api.w.org\/{rel}","templated":true}]}}