{"id":6858,"date":"2015-09-07T14:58:11","date_gmt":"2015-09-07T19:58:11","guid":{"rendered":"https:\/\/emisora.univalle.edu.co\/\/?p=6858"},"modified":"2015-09-07T14:58:11","modified_gmt":"2015-09-07T19:58:11","slug":"cien-jovenes-de-las-comunas-tios-podran-ser-bomberos-inscripciones-abiertas","status":"publish","type":"post","link":"https:\/\/emisora.univalle.edu.co\/index.php\/cien-jovenes-de-las-comunas-tios-podran-ser-bomberos-inscripciones-abiertas\/","title":{"rendered":"Cien j\u00f3venes de las comunas TIOS podr\u00e1n ser bomberos; inscripciones abiertas"},"content":{"rendered":"<p><span style=\"line-height: 1.5em;\">Se encuentran abiertas las inscripciones para que j\u00f3venes pertenecientes a las comunas de los Territorios de Inclusi\u00f3n y Oportunidades \u2013TIOS- hagan\u00a0 parte del Cuerpo de Bomberos Voluntarios de Cali, gracias a un programa liderado por la Secretar\u00eda de Gobierno Municipal, TIOS y los Bomberos.<\/span><\/p>\n<p>Una vez terminado el proceso de selecci\u00f3n, 100 J\u00f3venes, entre hombres y mujeres, de\u00a0 comunas\u00a0 1, 3, 6, 7, 13, 14, 15, 16, 18, 20 y 21\u00a0 ser\u00e1n capacitados para desempe\u00f1arse en\u00a0 brigada forestal, conductores, oficios varios, guardia permanente, brigadas de seguridad industrial, auxiliares de estaci\u00f3n u otros.<\/p>\n<p>De acuerdo con la secretaria de Gobierno, Laura Beatriz Lugo, \u201ceste proyecto se da inicio con el fin de ofrecer oportunidades laborales y de formaci\u00f3n a j\u00f3venes en condici\u00f3n de alto riesgo que habitan en estos sectores de la ciudad, y de esta forma garantizar la convivencia pac\u00edfica y la seguridad ciudadana\u201d.<\/p>\n<p>Para la preinscripci\u00f3n, los interesados pueden acercarse a las sedes de la Escuela Interamericana de Bomberos del barrio Aguacatal, en la avenida 15 oeste #10-40, o en la Avenida Las Am\u00e9ricas #20N-54, descargar\u00a0 el formulario\u00a0 de\u00a0 inscripci\u00f3n, que se debe\u00a0 entregar\u00a0 diligenciado con una copia de la c\u00e9dula.<\/p>\n<p>Requisitos de inscripci\u00f3n<\/p>\n<p>\u00b7Ser ciudadano hombre o mujer<\/p>\n<p>\u00b7Edad entre 18 y 23 a\u00f1os<\/p>\n<p>\u00b7Estatura m\u00ednima 1,60 metros<\/p>\n<p>\u00b7Grado 11 de bachiller, aprobado<\/p>\n<p>\u00b7Certificado judicial nacional, vigente<\/p>\n<p>\u00b7Aprobar el examen m\u00e9dico, f\u00edsico y psicot\u00e9cnico<\/p>\n<p>Fuente: Comunicaciones Alcald\u00eda<\/p>\n","protected":false},"excerpt":{"rendered":"<p>Se encuentran abiertas las inscripciones para que j\u00f3venes pertenecientes a las comunas de los Territorios de Inclusi\u00f3n y Oportunidades \u2013TIOS- hagan\u00a0 parte del Cuerpo de Bomberos Voluntarios de Cali, gracias a un programa liderado por la Secretar\u00eda de Gobierno Municipal, TIOS y los Bomberos. Una vez terminado el proceso de[&#8230;]<\/p>\n","protected":false},"author":1,"featured_media":6841,"comment_status":"open","ping_status":"open","sticky":false,"template":"","format":"standard","meta":{"footnotes":""},"categories":[4],"tags":[],"_links":{"self":[{"href":"https:\/\/emisora.univalle.edu.co\/index.php\/wp-json\/wp\/v2\/posts\/6858"}],"collection":[{"href":"https:\/\/emisora.univalle.edu.co\/index.php\/wp-json\/wp\/v2\/posts"}],"about":[{"href":"https:\/\/emisora.univalle.edu.co\/index.php\/wp-json\/wp\/v2\/types\/post"}],"author":[{"embeddable":true,"href":"https:\/\/emisora.univalle.edu.co\/index.php\/wp-json\/wp\/v2\/users\/1"}],"replies":[{"embeddable":true,"href":"https:\/\/emisora.univalle.edu.co\/index.php\/wp-json\/wp\/v2\/comments?post=6858"}],"version-history":[{"count":1,"href":"https:\/\/emisora.univalle.edu.co\/index.php\/wp-json\/wp\/v2\/posts\/6858\/revisions"}],"predecessor-version":[{"id":6859,"href":"https:\/\/emisora.univalle.edu.co\/index.php\/wp-json\/wp\/v2\/posts\/6858\/revisions\/6859"}],"wp:featuredmedia":[{"embeddable":true,"href":"https:\/\/emisora.univalle.edu.co\/index.php\/wp-json\/wp\/v2\/media\/6841"}],"wp:attachment":[{"href":"https:\/\/emisora.univalle.edu.co\/index.php\/wp-json\/wp\/v2\/media?parent=6858"}],"wp:term":[{"taxonomy":"category","embeddable":true,"href":"https:\/\/emisora.univalle.edu.co\/index.php\/wp-json\/wp\/v2\/categories?post=6858"},{"taxonomy":"post_tag","embeddable":true,"href":"https:\/\/emisora.univalle.edu.co\/index.php\/wp-json\/wp\/v2\/tags?post=6858"}],"curies":[{"name":"wp","href":"https:\/\/api.w.org\/{rel}","templated":true}]}}